{"id":8280,"date":"2023-04-18T17:00:48","date_gmt":"2023-04-18T15:00:48","guid":{"rendered":"https:\/\/agora.xtec.cat\/escolamestralvilanova\/?p=8280"},"modified":"2023-04-18T17:01:41","modified_gmt":"2023-04-18T15:01:41","slug":"quin-es-el-color-carn","status":"publish","type":"post","link":"https:\/\/agora.xtec.cat\/escolamestralvilanova\/general\/quin-es-el-color-carn\/","title":{"rendered":"QUIN \u00c9S EL COLOR CARN?"},"content":{"rendered":"<p style=\"text-align: justify;\">A Educaci\u00f3 Infantil, cada divendres al mat\u00ed fem l&#8217;hora del conte. Compartim aquesta estona tots els infants del cicle, I3, I4 i I5. \u00c9s un moment de trobada, on iniciem el dia junts\/es i escoltem hist\u00f2ries i aventures que ens fan viatjar sense moure&#8217;ns de l&#8217;escola. Sempre acompanyem aquestes lectures amb propostes significatives pels infants que els ajudin a entendre all\u00f2 llegit o a interioritzar el missatge del conte.<\/p>\n<p style=\"text-align: justify;\">El divendres passat va ser el torn del conte &#8220;Color carn&#8221;, un conte sobre els colors de l&#8217;escola i com es senten quan els infants els agafen cada dia per pintar colors de la pell. En aquesta entranyable hist\u00f2ria, els m\u00e9s petits\/es s&#8217;adonen que no existeix aquest color carn del qual sempre hem parlat, sin\u00f3 que hi ha mil i un tons de pell i existeixen tants colors com realitats.<\/p>\n<p style=\"text-align: justify;\">A les fotografies veureu la proposta del mural que van crear els infants amb les seves mans i la gama de colors de la pell. Va ser una activitat molt bonica!<\/p>\n<ul>\n<li><a href=\"https:\/\/photos.app.goo.gl\/LBPh3U9MDvtDCexb7\">ENLLA\u00c7 A LES FOTOGRAFIES<\/a><\/li>\n<\/ul>\n<p><a href=\"https:\/\/photos.app.goo.gl\/LBPh3U9MDvtDCexb7\"><img loading=\"lazy\" decoding=\"async\" class=\"alignnone size-medium wp-image-8281\" src=\"https:\/\/agora.xtec.cat\/escolamestralvilanova\/wp-content\/uploads\/usu729\/2023\/04\/color-carn-300x272.jpg\" alt=\"\" width=\"300\" height=\"272\" srcset=\"https:\/\/agora.xtec.cat\/escolamestralvilanova\/wp-content\/uploads\/usu729\/2023\/04\/color-carn-300x272.jpg 300w, https:\/\/agora.xtec.cat\/escolamestralvilanova\/wp-content\/uploads\/usu729\/2023\/04\/color-carn-1024x927.jpg 1024w, https:\/\/agora.xtec.cat\/escolamestralvilanova\/wp-content\/uploads\/usu729\/2023\/04\/color-carn-768x695.jpg 768w, https:\/\/agora.xtec.cat\/escolamestralvilanova\/wp-content\/uploads\/usu729\/2023\/04\/color-carn.jpg 1152w\" sizes=\"auto, (max-width: 300px) 100vw, 300px\" \/><\/a><\/p>\n","protected":false},"excerpt":{"rendered":"<p>A Educaci\u00f3 Infantil, cada divendres al mat\u00ed fem l&#8217;hora del conte. Compartim aquesta estona tots els infants del cicle, I3, I4 i I5. \u00c9s un moment de trobada, on iniciem el dia junts\/es i escoltem hist\u00f2ries i aventures que ens fan viatjar sense moure&#8217;ns de&hellip;  <a href=\"https:\/\/agora.xtec.cat\/escolamestralvilanova\/general\/quin-es-el-color-carn\/\" title=\"Read QUIN \u00c9S EL COLOR CARN?\">Llegeix m\u00e9s\u00bb<\/a><\/p>\n","protected":false},"author":1,"featured_media":0,"comment_status":"open","ping_status":"closed","sticky":false,"template":"","format":"standard","meta":{"_bbp_topic_count":0,"_bbp_reply_count":0,"_bbp_total_topic_count":0,"_bbp_total_reply_count":0,"_bbp_voice_count":0,"_bbp_anonymous_reply_count":0,"_bbp_topic_count_hidden":0,"_bbp_reply_count_hidden":0,"_bbp_forum_subforum_count":0,"footnotes":""},"categories":[3,1,2,4],"tags":[],"class_list":["post-8280","post","type-post","status-publish","format-standard","hentry","category-ei3-ei4-ei5","category-general","category-infantil","category-portada"],"post_mailing_queue_ids":[],"_links":{"self":[{"href":"https:\/\/agora.xtec.cat\/escolamestralvilanova\/wp-json\/wp\/v2\/posts\/8280","targetHints":{"allow":["GET"]}}],"collection":[{"href":"https:\/\/agora.xtec.cat\/escolamestralvilanova\/wp-json\/wp\/v2\/posts"}],"about":[{"href":"https:\/\/agora.xtec.cat\/escolamestralvilanova\/wp-json\/wp\/v2\/types\/post"}],"author":[{"embeddable":true,"href":"https:\/\/agora.xtec.cat\/escolamestralvilanova\/wp-json\/wp\/v2\/users\/1"}],"replies":[{"embeddable":true,"href":"https:\/\/agora.xtec.cat\/escolamestralvilanova\/wp-json\/wp\/v2\/comments?post=8280"}],"version-history":[{"count":2,"href":"https:\/\/agora.xtec.cat\/escolamestralvilanova\/wp-json\/wp\/v2\/posts\/8280\/revisions"}],"predecessor-version":[{"id":8283,"href":"https:\/\/agora.xtec.cat\/escolamestralvilanova\/wp-json\/wp\/v2\/posts\/8280\/revisions\/8283"}],"wp:attachment":[{"href":"https:\/\/agora.xtec.cat\/escolamestralvilanova\/wp-json\/wp\/v2\/media?parent=8280"}],"wp:term":[{"taxonomy":"category","embeddable":true,"href":"https:\/\/agora.xtec.cat\/escolamestralvilanova\/wp-json\/wp\/v2\/categories?post=8280"},{"taxonomy":"post_tag","embeddable":true,"href":"https:\/\/agora.xtec.cat\/escolamestralvilanova\/wp-json\/wp\/v2\/tags?post=8280"}],"curies":[{"name":"wp","href":"https:\/\/api.w.org\/{rel}","templated":true}]}}