{"id":8257,"date":"2023-04-11T09:06:48","date_gmt":"2023-04-11T07:06:48","guid":{"rendered":"https:\/\/agora.xtec.cat\/escolamestralvilanova\/?p=8257"},"modified":"2023-04-11T09:15:24","modified_gmt":"2023-04-11T07:15:24","slug":"radio-mestral-programa-7","status":"publish","type":"post","link":"https:\/\/agora.xtec.cat\/escolamestralvilanova\/portada\/radio-mestral-programa-7\/","title":{"rendered":"R\u00c0DIO MESTRAL, PROGRAMA 7"},"content":{"rendered":"<p>Avui presentem el PROGRAMA 7 de la R\u00e0dio Mestral.<\/p>\n<p>En el programa d\u2019avui els locutors s\u00f3n la J\u00falia, l&#8217;Hugo i el Sebasti\u00e0 tots tres alumnes de sis\u00e8.<\/p>\n<p>Esperem que us agradi!<\/p>\n<p><a href=\"https:\/\/drive.google.com\/file\/d\/1SGk7hfZKjm2KCIyEic9haHQgJvkgK3TJ\/view?usp=sharing\"><img loading=\"lazy\" decoding=\"async\" class=\"alignnone size-medium wp-image-8259\" src=\"https:\/\/agora.xtec.cat\/escolamestralvilanova\/wp-content\/uploads\/usu729\/2023\/04\/PROGRAMA-7-300x178.jpg\" alt=\"\" width=\"300\" height=\"178\" srcset=\"https:\/\/agora.xtec.cat\/escolamestralvilanova\/wp-content\/uploads\/usu729\/2023\/04\/PROGRAMA-7-300x178.jpg 300w, https:\/\/agora.xtec.cat\/escolamestralvilanova\/wp-content\/uploads\/usu729\/2023\/04\/PROGRAMA-7-1024x606.jpg 1024w, https:\/\/agora.xtec.cat\/escolamestralvilanova\/wp-content\/uploads\/usu729\/2023\/04\/PROGRAMA-7-768x455.jpg 768w, https:\/\/agora.xtec.cat\/escolamestralvilanova\/wp-content\/uploads\/usu729\/2023\/04\/PROGRAMA-7-1536x909.jpg 1536w, https:\/\/agora.xtec.cat\/escolamestralvilanova\/wp-content\/uploads\/usu729\/2023\/04\/PROGRAMA-7-2048x1212.jpg 2048w\" sizes=\"auto, (max-width: 300px) 100vw, 300px\" \/><\/a><\/p>\n<ul>\n<li><a href=\"https:\/\/photos.app.goo.gl\/do8im9YsB9hpXu8Q7\">ENLLA\u00c7 A LES FOTOGRAFIES<\/a><\/li>\n<\/ul>\n","protected":false},"excerpt":{"rendered":"<p>Avui presentem el PROGRAMA 7 de la R\u00e0dio Mestral.<br \/>\nEn el programa d\u2019avui els locutors s\u00f3n la J\u00falia, l&#8217;Hugo i el Sebasti\u00e0 tots tres alumnes de sis\u00e8.<br \/>\nEsperem que us agradi!<br \/>\n<a href=\"https:\/\/drive.google.com\/file\/d\/1SGk7hfZKjm2KCIyEic9haHQgJvkgK3TJ\/view?usp=sharing\"><\/a><\/p>\n<ul>\n<li><a href=\"https:\/\/photos.app.goo.gl\/do8im9YsB9hpXu8Q7\">ENLLA\u00c7 A LES FOTOGRAFIES<\/a><\/li>\n<\/ul>\n","protected":false},"author":1,"featured_media":0,"comment_status":"open","ping_status":"closed","sticky":false,"template":"","format":"standard","meta":{"_bbp_topic_count":0,"_bbp_reply_count":0,"_bbp_total_topic_count":0,"_bbp_total_reply_count":0,"_bbp_voice_count":0,"_bbp_anonymous_reply_count":0,"_bbp_topic_count_hidden":0,"_bbp_reply_count_hidden":0,"_bbp_forum_subforum_count":0,"footnotes":""},"categories":[15,4,5,60],"tags":[],"class_list":["post-8257","post","type-post","status-publish","format-standard","hentry","category-cicle-superior","category-portada","category-primaria","category-radio-mestral"],"post_mailing_queue_ids":[],"_links":{"self":[{"href":"https:\/\/agora.xtec.cat\/escolamestralvilanova\/wp-json\/wp\/v2\/posts\/8257","targetHints":{"allow":["GET"]}}],"collection":[{"href":"https:\/\/agora.xtec.cat\/escolamestralvilanova\/wp-json\/wp\/v2\/posts"}],"about":[{"href":"https:\/\/agora.xtec.cat\/escolamestralvilanova\/wp-json\/wp\/v2\/types\/post"}],"author":[{"embeddable":true,"href":"https:\/\/agora.xtec.cat\/escolamestralvilanova\/wp-json\/wp\/v2\/users\/1"}],"replies":[{"embeddable":true,"href":"https:\/\/agora.xtec.cat\/escolamestralvilanova\/wp-json\/wp\/v2\/comments?post=8257"}],"version-history":[{"count":2,"href":"https:\/\/agora.xtec.cat\/escolamestralvilanova\/wp-json\/wp\/v2\/posts\/8257\/revisions"}],"predecessor-version":[{"id":8263,"href":"https:\/\/agora.xtec.cat\/escolamestralvilanova\/wp-json\/wp\/v2\/posts\/8257\/revisions\/8263"}],"wp:attachment":[{"href":"https:\/\/agora.xtec.cat\/escolamestralvilanova\/wp-json\/wp\/v2\/media?parent=8257"}],"wp:term":[{"taxonomy":"category","embeddable":true,"href":"https:\/\/agora.xtec.cat\/escolamestralvilanova\/wp-json\/wp\/v2\/categories?post=8257"},{"taxonomy":"post_tag","embeddable":true,"href":"https:\/\/agora.xtec.cat\/escolamestralvilanova\/wp-json\/wp\/v2\/tags?post=8257"}],"curies":[{"name":"wp","href":"https:\/\/api.w.org\/{rel}","templated":true}]}}