{"id":825,"date":"2018-10-31T13:04:54","date_gmt":"2018-10-31T12:04:54","guid":{"rendered":"http:\/\/agora.xtec.cat\/escolamestralvilanova\/?p=825"},"modified":"2018-10-31T13:04:58","modified_gmt":"2018-10-31T12:04:58","slug":"representem-molecules-daigua","status":"publish","type":"post","link":"https:\/\/agora.xtec.cat\/escolamestralvilanova\/portada\/representem-molecules-daigua\/","title":{"rendered":"REPRESENTEM MOL\u00c8CULES D&#8217;AIGUA!"},"content":{"rendered":"<p>Els nens i nenes de quart estem treballant a l&#8217;\u00e0rea de coneixement del medi el centre d&#8217;inter\u00e8s del Temps atmosf\u00e8ric i el clima, tot fent incid\u00e8ncia en l&#8217;aigua i la seva composici\u00f3.<\/p>\n<p>Hem estat investigant de qu\u00e8 est\u00e0 formada l&#8217;aigua i per entendre el concepte d&#8217;\u00e0tom i de mol\u00e8cula, hem representat la mol\u00e8cula d&#8217;aigua formada pels seus \u00e0toms amb plastilina.<\/p>\n<p>Ens ha encantat l&#8217;activitat!<\/p>\n<ul>\n<li><a href=\"https:\/\/photos.app.goo.gl\/KHtZv32BL3WJJp3d7\">ENLLA\u00c7 A LES FOTOGRAFIES<\/a><\/li>\n<\/ul>\n<p><a href=\"http:\/\/agora.xtec.cat\/escolamestralvilanova\/portada\/representem-molecules-daigua\/attachment\/img_3431\/\" rel=\"attachment wp-att-826\"><img loading=\"lazy\" decoding=\"async\" class=\"alignnone wp-image-826 size-medium\" src=\"https:\/\/agora.xtec.cat\/escolamestralvilanova\/wp-content\/uploads\/usu729\/2018\/10\/IMG_3431-300x154.jpg\" alt=\"\" width=\"300\" height=\"154\" srcset=\"https:\/\/agora.xtec.cat\/escolamestralvilanova\/wp-content\/uploads\/usu729\/2018\/10\/IMG_3431-300x154.jpg 300w, https:\/\/agora.xtec.cat\/escolamestralvilanova\/wp-content\/uploads\/usu729\/2018\/10\/IMG_3431.jpg 640w\" sizes=\"auto, (max-width: 300px) 100vw, 300px\" \/><\/a><\/p>\n","protected":false},"excerpt":{"rendered":"<p>Els nens i nenes de quart estem treballant a l&#8217;\u00e0rea de coneixement del medi el centre d&#8217;inter\u00e8s del Temps atmosf\u00e8ric i el clima, tot fent incid\u00e8ncia en l&#8217;aigua i la seva composici\u00f3.<br \/>\nHem estat investigant de qu\u00e8 est\u00e0 formada l&#8217;aigua i per entendre el concepte d&#8217;\u00e0tom&hellip;  <a href=\"https:\/\/agora.xtec.cat\/escolamestralvilanova\/portada\/representem-molecules-daigua\/\" title=\"Read REPRESENTEM MOL\u00c8CULES D&#8217;AIGUA!\">Llegeix m\u00e9s\u00bb<\/a><\/p>\n","protected":false},"author":1,"featured_media":0,"comment_status":"open","ping_status":"closed","sticky":false,"template":"","format":"standard","meta":{"_bbp_topic_count":0,"_bbp_reply_count":0,"_bbp_total_topic_count":0,"_bbp_total_reply_count":0,"_bbp_voice_count":0,"_bbp_anonymous_reply_count":0,"_bbp_topic_count_hidden":0,"_bbp_reply_count_hidden":0,"_bbp_forum_subforum_count":0,"footnotes":""},"categories":[13,4,5],"tags":[],"class_list":["post-825","post","type-post","status-publish","format-standard","hentry","category-cinque","category-portada","category-primaria"],"post_mailing_queue_ids":[],"_links":{"self":[{"href":"https:\/\/agora.xtec.cat\/escolamestralvilanova\/wp-json\/wp\/v2\/posts\/825","targetHints":{"allow":["GET"]}}],"collection":[{"href":"https:\/\/agora.xtec.cat\/escolamestralvilanova\/wp-json\/wp\/v2\/posts"}],"about":[{"href":"https:\/\/agora.xtec.cat\/escolamestralvilanova\/wp-json\/wp\/v2\/types\/post"}],"author":[{"embeddable":true,"href":"https:\/\/agora.xtec.cat\/escolamestralvilanova\/wp-json\/wp\/v2\/users\/1"}],"replies":[{"embeddable":true,"href":"https:\/\/agora.xtec.cat\/escolamestralvilanova\/wp-json\/wp\/v2\/comments?post=825"}],"version-history":[{"count":2,"href":"https:\/\/agora.xtec.cat\/escolamestralvilanova\/wp-json\/wp\/v2\/posts\/825\/revisions"}],"predecessor-version":[{"id":828,"href":"https:\/\/agora.xtec.cat\/escolamestralvilanova\/wp-json\/wp\/v2\/posts\/825\/revisions\/828"}],"wp:attachment":[{"href":"https:\/\/agora.xtec.cat\/escolamestralvilanova\/wp-json\/wp\/v2\/media?parent=825"}],"wp:term":[{"taxonomy":"category","embeddable":true,"href":"https:\/\/agora.xtec.cat\/escolamestralvilanova\/wp-json\/wp\/v2\/categories?post=825"},{"taxonomy":"post_tag","embeddable":true,"href":"https:\/\/agora.xtec.cat\/escolamestralvilanova\/wp-json\/wp\/v2\/tags?post=825"}],"curies":[{"name":"wp","href":"https:\/\/api.w.org\/{rel}","templated":true}]}}