{"id":8197,"date":"2023-03-17T13:23:09","date_gmt":"2023-03-17T12:23:09","guid":{"rendered":"https:\/\/agora.xtec.cat\/escolamestralvilanova\/?p=8197"},"modified":"2023-03-17T13:52:58","modified_gmt":"2023-03-17T12:52:58","slug":"expliquem-les-colonies","status":"publish","type":"post","link":"https:\/\/agora.xtec.cat\/escolamestralvilanova\/general\/expliquem-les-colonies\/","title":{"rendered":"EXPLIQUEM LES COL\u00d2NIES!"},"content":{"rendered":"<p>Bona tarda fam\u00edlies!<\/p>\n<p>Ens fa molta il\u00b7lusi\u00f3 compartir amb vosaltres el v\u00eddeo on participa tot l&#8217;alumnat de l&#8217;escola amb tota la informaci\u00f3 necess\u00e0ria per a les col\u00f2nies a LA CARRAL!<\/p>\n<ul>\n<li><a href=\"https:\/\/drive.google.com\/file\/d\/1D04TTjAUk83JJxDxOO0sB0lJ8LiI7Lf4\/view?usp=share_link\">ENLLA\u00c7 AL V\u00cdDEO<\/a><\/li>\n<\/ul>\n<p><a href=\"https:\/\/drive.google.com\/file\/d\/1D04TTjAUk83JJxDxOO0sB0lJ8LiI7Lf4\/view?usp=share_link\"><img loading=\"lazy\" decoding=\"async\" class=\"alignnone size-medium wp-image-8198\" src=\"https:\/\/agora.xtec.cat\/escolamestralvilanova\/wp-content\/uploads\/usu729\/2023\/03\/video-colonies-300x153.jpg\" alt=\"\" width=\"300\" height=\"153\" srcset=\"https:\/\/agora.xtec.cat\/escolamestralvilanova\/wp-content\/uploads\/usu729\/2023\/03\/video-colonies-300x153.jpg 300w, https:\/\/agora.xtec.cat\/escolamestralvilanova\/wp-content\/uploads\/usu729\/2023\/03\/video-colonies-1024x521.jpg 1024w, https:\/\/agora.xtec.cat\/escolamestralvilanova\/wp-content\/uploads\/usu729\/2023\/03\/video-colonies-768x391.jpg 768w, https:\/\/agora.xtec.cat\/escolamestralvilanova\/wp-content\/uploads\/usu729\/2023\/03\/video-colonies-1536x781.jpg 1536w, https:\/\/agora.xtec.cat\/escolamestralvilanova\/wp-content\/uploads\/usu729\/2023\/03\/video-colonies-2048x1042.jpg 2048w\" sizes=\"auto, (max-width: 300px) 100vw, 300px\" \/><\/a><\/p>\n","protected":false},"excerpt":{"rendered":"<p>Bona tarda fam\u00edlies!<br \/>\nEns fa molta il\u00b7lusi\u00f3 compartir amb vosaltres el v\u00eddeo on participa tot l&#8217;alumnat de l&#8217;escola amb tota la informaci\u00f3 necess\u00e0ria per a les col\u00f2nies a LA CARRAL!<\/p>\n<ul>\n<li><a href=\"https:\/\/drive.google.com\/file\/d\/1D04TTjAUk83JJxDxOO0sB0lJ8LiI7Lf4\/view?usp=share_link\">ENLLA\u00c7 AL V\u00cdDEO<\/a><\/li>\n<\/ul>\n<p><a href=\"https:\/\/drive.google.com\/file\/d\/1D04TTjAUk83JJxDxOO0sB0lJ8LiI7Lf4\/view?usp=share_link\"><\/a><\/p>\n","protected":false},"author":1,"featured_media":0,"comment_status":"open","ping_status":"closed","sticky":false,"template":"","format":"standard","meta":{"_bbp_topic_count":0,"_bbp_reply_count":0,"_bbp_total_topic_count":0,"_bbp_total_reply_count":0,"_bbp_voice_count":0,"_bbp_anonymous_reply_count":0,"_bbp_topic_count_hidden":0,"_bbp_reply_count_hidden":0,"_bbp_forum_subforum_count":0,"footnotes":""},"categories":[1,2,4,5],"tags":[],"class_list":["post-8197","post","type-post","status-publish","format-standard","hentry","category-general","category-infantil","category-portada","category-primaria"],"post_mailing_queue_ids":[],"_links":{"self":[{"href":"https:\/\/agora.xtec.cat\/escolamestralvilanova\/wp-json\/wp\/v2\/posts\/8197","targetHints":{"allow":["GET"]}}],"collection":[{"href":"https:\/\/agora.xtec.cat\/escolamestralvilanova\/wp-json\/wp\/v2\/posts"}],"about":[{"href":"https:\/\/agora.xtec.cat\/escolamestralvilanova\/wp-json\/wp\/v2\/types\/post"}],"author":[{"embeddable":true,"href":"https:\/\/agora.xtec.cat\/escolamestralvilanova\/wp-json\/wp\/v2\/users\/1"}],"replies":[{"embeddable":true,"href":"https:\/\/agora.xtec.cat\/escolamestralvilanova\/wp-json\/wp\/v2\/comments?post=8197"}],"version-history":[{"count":3,"href":"https:\/\/agora.xtec.cat\/escolamestralvilanova\/wp-json\/wp\/v2\/posts\/8197\/revisions"}],"predecessor-version":[{"id":8206,"href":"https:\/\/agora.xtec.cat\/escolamestralvilanova\/wp-json\/wp\/v2\/posts\/8197\/revisions\/8206"}],"wp:attachment":[{"href":"https:\/\/agora.xtec.cat\/escolamestralvilanova\/wp-json\/wp\/v2\/media?parent=8197"}],"wp:term":[{"taxonomy":"category","embeddable":true,"href":"https:\/\/agora.xtec.cat\/escolamestralvilanova\/wp-json\/wp\/v2\/categories?post=8197"},{"taxonomy":"post_tag","embeddable":true,"href":"https:\/\/agora.xtec.cat\/escolamestralvilanova\/wp-json\/wp\/v2\/tags?post=8197"}],"curies":[{"name":"wp","href":"https:\/\/api.w.org\/{rel}","templated":true}]}}