{"id":816,"date":"2018-10-28T21:50:10","date_gmt":"2018-10-28T20:50:10","guid":{"rendered":"http:\/\/agora.xtec.cat\/escolamestralvilanova\/?p=816"},"modified":"2018-10-31T10:02:08","modified_gmt":"2018-10-31T09:02:08","slug":"una-visita-molt-especial","status":"publish","type":"post","link":"https:\/\/agora.xtec.cat\/escolamestralvilanova\/infantil\/una-visita-molt-especial\/","title":{"rendered":"UNA VISITA MOLT ESPECIAL"},"content":{"rendered":"<div id=\":ns\" class=\"ii gt\">\n<div id=\":nr\" class=\"a3s aXjCH \" tabindex=\"-1\" role=\"gridcell\">\n<p>Avui en el marc de les activitats del nostre projecte, ens ha visitat la gateta de la Montse, la VIDA, batejada aix\u00ed perqu\u00e8 recentment la va rescatar i li va salvar la vida.<\/p>\n<p>La veritat \u00e9s que s&#8217;ha portat molt b\u00e9 i tots hem pogut gaudir de tenir-la una estona a la classe, aprendre qu\u00e8 necesita per tenir-la a casa\u00a0i incl\u00fas acariciar-la.<\/p>\n<ul>\n<li><a href=\"https:\/\/photos.app.goo.gl\/U8knWHFRcHonGhNG6\">ENLLA\u00c7 A LES FOTOGRAFIES<\/a><\/li>\n<\/ul>\n<p><a href=\"http:\/\/agora.xtec.cat\/escolamestralvilanova\/infantil\/una-visita-molt-especial\/attachment\/olympus-digital-camera-6\/\" rel=\"attachment wp-att-817\"><img loading=\"lazy\" decoding=\"async\" class=\"alignnone wp-image-817 size-medium\" src=\"https:\/\/agora.xtec.cat\/escolamestralvilanova\/wp-content\/uploads\/usu729\/2018\/10\/PA290218-300x223.jpg\" alt=\"\" width=\"300\" height=\"223\" srcset=\"https:\/\/agora.xtec.cat\/escolamestralvilanova\/wp-content\/uploads\/usu729\/2018\/10\/PA290218-300x223.jpg 300w, https:\/\/agora.xtec.cat\/escolamestralvilanova\/wp-content\/uploads\/usu729\/2018\/10\/PA290218-768x570.jpg 768w, https:\/\/agora.xtec.cat\/escolamestralvilanova\/wp-content\/uploads\/usu729\/2018\/10\/PA290218-1024x761.jpg 1024w, https:\/\/agora.xtec.cat\/escolamestralvilanova\/wp-content\/uploads\/usu729\/2018\/10\/PA290218-200x150.jpg 200w\" sizes=\"auto, (max-width: 300px) 100vw, 300px\" \/><\/a><\/p>\n<div class=\"yj6qo\"><\/div>\n<div class=\"adL\"><\/div>\n<\/div>\n<\/div>\n<div id=\":pg\" class=\"hq gt a10\"><\/div>\n","protected":false},"excerpt":{"rendered":"<p>Avui en el marc de les activitats del nostre projecte, ens ha visitat la gateta de la Montse, la VIDA, batejada aix\u00ed perqu\u00e8 recentment la va rescatar i li va salvar la vida.<br \/>\nLa veritat \u00e9s que s&#8217;ha portat molt b\u00e9 i tots hem pogut gaudir&hellip;  <a href=\"https:\/\/agora.xtec.cat\/escolamestralvilanova\/infantil\/una-visita-molt-especial\/\" title=\"Read UNA VISITA MOLT ESPECIAL\">Llegeix m\u00e9s\u00bb<\/a><\/p>\n","protected":false},"author":1,"featured_media":0,"comment_status":"open","ping_status":"closed","sticky":false,"template":"","format":"standard","meta":{"_bbp_topic_count":0,"_bbp_reply_count":0,"_bbp_total_topic_count":0,"_bbp_total_reply_count":0,"_bbp_voice_count":0,"_bbp_anonymous_reply_count":0,"_bbp_topic_count_hidden":0,"_bbp_reply_count_hidden":0,"_bbp_forum_subforum_count":0,"footnotes":""},"categories":[8,2,4],"tags":[],"class_list":["post-816","post","type-post","status-publish","format-standard","hentry","category-ei4","category-infantil","category-portada"],"post_mailing_queue_ids":[],"_links":{"self":[{"href":"https:\/\/agora.xtec.cat\/escolamestralvilanova\/wp-json\/wp\/v2\/posts\/816","targetHints":{"allow":["GET"]}}],"collection":[{"href":"https:\/\/agora.xtec.cat\/escolamestralvilanova\/wp-json\/wp\/v2\/posts"}],"about":[{"href":"https:\/\/agora.xtec.cat\/escolamestralvilanova\/wp-json\/wp\/v2\/types\/post"}],"author":[{"embeddable":true,"href":"https:\/\/agora.xtec.cat\/escolamestralvilanova\/wp-json\/wp\/v2\/users\/1"}],"replies":[{"embeddable":true,"href":"https:\/\/agora.xtec.cat\/escolamestralvilanova\/wp-json\/wp\/v2\/comments?post=816"}],"version-history":[{"count":3,"href":"https:\/\/agora.xtec.cat\/escolamestralvilanova\/wp-json\/wp\/v2\/posts\/816\/revisions"}],"predecessor-version":[{"id":822,"href":"https:\/\/agora.xtec.cat\/escolamestralvilanova\/wp-json\/wp\/v2\/posts\/816\/revisions\/822"}],"wp:attachment":[{"href":"https:\/\/agora.xtec.cat\/escolamestralvilanova\/wp-json\/wp\/v2\/media?parent=816"}],"wp:term":[{"taxonomy":"category","embeddable":true,"href":"https:\/\/agora.xtec.cat\/escolamestralvilanova\/wp-json\/wp\/v2\/categories?post=816"},{"taxonomy":"post_tag","embeddable":true,"href":"https:\/\/agora.xtec.cat\/escolamestralvilanova\/wp-json\/wp\/v2\/tags?post=816"}],"curies":[{"name":"wp","href":"https:\/\/api.w.org\/{rel}","templated":true}]}}