{"id":8128,"date":"2023-02-23T16:26:13","date_gmt":"2023-02-23T15:26:13","guid":{"rendered":"https:\/\/agora.xtec.cat\/escolamestralvilanova\/?p=8128"},"modified":"2023-02-23T16:26:31","modified_gmt":"2023-02-23T15:26:31","slug":"how-to-make-a-moon-crater","status":"publish","type":"post","link":"https:\/\/agora.xtec.cat\/escolamestralvilanova\/portada\/how-to-make-a-moon-crater\/","title":{"rendered":"HOW TO MAKE A MOON CRATER!"},"content":{"rendered":"<p>Today CM students have learned how the craters are made on the Moon soil!<\/p>\n<p>We also practise it with a simple experiment!<\/p>\n<p>Try to do it at home!<\/p>\n<p>_________________________________________________________<\/p>\n<p><em>Avui els alumnes de Cicle Mitj\u00e0 hem apr\u00e9s com s&#8217;originen els cr\u00e0ters a la superf\u00edcie de la Lluna!<\/em><\/p>\n<p><em>Tamb\u00e9 ho hem practicat amb un experiment molt senzill!<\/em><\/p>\n<p>Intenteu fer-ho a casa!<\/p>\n<ul>\n<li><a href=\"https:\/\/photos.app.goo.gl\/q4efFD8rxF9h2GrKA\">ENLLA\u00c7 A LES FOTOGRAFIES<\/a><\/li>\n<\/ul>\n<p><a href=\"https:\/\/photos.app.goo.gl\/q4efFD8rxF9h2GrKA\"><img loading=\"lazy\" decoding=\"async\" class=\"alignnone size-medium wp-image-8129\" src=\"https:\/\/agora.xtec.cat\/escolamestralvilanova\/wp-content\/uploads\/usu729\/2023\/02\/moon-crater-300x154.jpg\" alt=\"\" width=\"300\" height=\"154\" srcset=\"https:\/\/agora.xtec.cat\/escolamestralvilanova\/wp-content\/uploads\/usu729\/2023\/02\/moon-crater-300x154.jpg 300w, https:\/\/agora.xtec.cat\/escolamestralvilanova\/wp-content\/uploads\/usu729\/2023\/02\/moon-crater-1024x526.jpg 1024w, https:\/\/agora.xtec.cat\/escolamestralvilanova\/wp-content\/uploads\/usu729\/2023\/02\/moon-crater-768x394.jpg 768w, https:\/\/agora.xtec.cat\/escolamestralvilanova\/wp-content\/uploads\/usu729\/2023\/02\/moon-crater-1536x788.jpg 1536w, https:\/\/agora.xtec.cat\/escolamestralvilanova\/wp-content\/uploads\/usu729\/2023\/02\/moon-crater.jpg 1623w\" sizes=\"auto, (max-width: 300px) 100vw, 300px\" \/><\/a><\/p>\n","protected":false},"excerpt":{"rendered":"<p>Today CM students have learned how the craters are made on the Moon soil!<br \/>\nWe also practise it with a simple experiment!<br \/>\nTry to do it at home!<br \/>\n_________________________________________________________<br \/>\nAvui els alumnes de Cicle Mitj\u00e0 hem apr\u00e9s com s&#8217;originen els cr\u00e0ters a la superf\u00edcie de la Lluna!<br \/>\nTamb\u00e9 ho hem&hellip;  <a href=\"https:\/\/agora.xtec.cat\/escolamestralvilanova\/portada\/how-to-make-a-moon-crater\/\" title=\"Read HOW TO MAKE A MOON CRATER!\">Llegeix m\u00e9s\u00bb<\/a><\/p>\n","protected":false},"author":1,"featured_media":0,"comment_status":"open","ping_status":"closed","sticky":false,"template":"","format":"standard","meta":{"_bbp_topic_count":0,"_bbp_reply_count":0,"_bbp_total_topic_count":0,"_bbp_total_reply_count":0,"_bbp_voice_count":0,"_bbp_anonymous_reply_count":0,"_bbp_topic_count_hidden":0,"_bbp_reply_count_hidden":0,"_bbp_forum_subforum_count":0,"footnotes":""},"categories":[12,4,5],"tags":[],"class_list":["post-8128","post","type-post","status-publish","format-standard","hentry","category-tercer-quart","category-portada","category-primaria"],"post_mailing_queue_ids":[],"_links":{"self":[{"href":"https:\/\/agora.xtec.cat\/escolamestralvilanova\/wp-json\/wp\/v2\/posts\/8128","targetHints":{"allow":["GET"]}}],"collection":[{"href":"https:\/\/agora.xtec.cat\/escolamestralvilanova\/wp-json\/wp\/v2\/posts"}],"about":[{"href":"https:\/\/agora.xtec.cat\/escolamestralvilanova\/wp-json\/wp\/v2\/types\/post"}],"author":[{"embeddable":true,"href":"https:\/\/agora.xtec.cat\/escolamestralvilanova\/wp-json\/wp\/v2\/users\/1"}],"replies":[{"embeddable":true,"href":"https:\/\/agora.xtec.cat\/escolamestralvilanova\/wp-json\/wp\/v2\/comments?post=8128"}],"version-history":[{"count":2,"href":"https:\/\/agora.xtec.cat\/escolamestralvilanova\/wp-json\/wp\/v2\/posts\/8128\/revisions"}],"predecessor-version":[{"id":8131,"href":"https:\/\/agora.xtec.cat\/escolamestralvilanova\/wp-json\/wp\/v2\/posts\/8128\/revisions\/8131"}],"wp:attachment":[{"href":"https:\/\/agora.xtec.cat\/escolamestralvilanova\/wp-json\/wp\/v2\/media?parent=8128"}],"wp:term":[{"taxonomy":"category","embeddable":true,"href":"https:\/\/agora.xtec.cat\/escolamestralvilanova\/wp-json\/wp\/v2\/categories?post=8128"},{"taxonomy":"post_tag","embeddable":true,"href":"https:\/\/agora.xtec.cat\/escolamestralvilanova\/wp-json\/wp\/v2\/tags?post=8128"}],"curies":[{"name":"wp","href":"https:\/\/api.w.org\/{rel}","templated":true}]}}