{"id":8103,"date":"2023-02-16T17:20:35","date_gmt":"2023-02-16T16:20:35","guid":{"rendered":"https:\/\/agora.xtec.cat\/escolamestralvilanova\/?p=8103"},"modified":"2023-02-16T17:20:58","modified_gmt":"2023-02-16T16:20:58","slug":"v-setmana-de-la-ciencia-ciencia-al-carrer","status":"publish","type":"post","link":"https:\/\/agora.xtec.cat\/escolamestralvilanova\/infantil\/v-setmana-de-la-ciencia-ciencia-al-carrer\/","title":{"rendered":"V SETMANA DE LA CI\u00c8NCIA Ci\u00e8ncia al Carrer!"},"content":{"rendered":"<p>Avui els nens i nenes de l\u2019escola hem fet una petita mostra al carrer dels experiments que hem estat realitzant durant la\u00a0 V Setmana de la Ci\u00e8ncia a l\u2019escola.<\/p>\n<p>Ens ha agradat molt poder mostrar a les fam\u00edlies i obrir al poble alguns dels experiments treballats.<\/p>\n<p>Moltes gr\u00e0cies per venir!<\/p>\n<p>Ens ho hem passat d\u2019all\u00f2 m\u00e9s b\u00e9 i esperem repetir-ho l\u2019any vinent!<\/p>\n<ul>\n<li><a href=\"https:\/\/photos.app.goo.gl\/zMseM9QfLsF3CpEx7\">ENLLA\u00c7 A LES FOTOGRAFIES<\/a><\/li>\n<\/ul>\n<p><a href=\"https:\/\/photos.app.goo.gl\/zMseM9QfLsF3CpEx7\"><img loading=\"lazy\" decoding=\"async\" class=\"alignnone size-medium wp-image-8104\" src=\"https:\/\/agora.xtec.cat\/escolamestralvilanova\/wp-content\/uploads\/usu729\/2023\/02\/PANO_20230216_155518-300x106.jpg\" alt=\"\" width=\"300\" height=\"106\" srcset=\"https:\/\/agora.xtec.cat\/escolamestralvilanova\/wp-content\/uploads\/usu729\/2023\/02\/PANO_20230216_155518-300x106.jpg 300w, https:\/\/agora.xtec.cat\/escolamestralvilanova\/wp-content\/uploads\/usu729\/2023\/02\/PANO_20230216_155518.jpg 640w\" sizes=\"auto, (max-width: 300px) 100vw, 300px\" \/><\/a><\/p>\n","protected":false},"excerpt":{"rendered":"<p>Avui els nens i nenes de l\u2019escola hem fet una petita mostra al carrer dels experiments que hem estat realitzant durant la\u00a0 V Setmana de la Ci\u00e8ncia a l\u2019escola.<br \/>\nEns ha agradat molt poder mostrar a les fam\u00edlies i obrir al poble alguns dels experiments treballats.<br \/>\nMoltes&hellip;  <a href=\"https:\/\/agora.xtec.cat\/escolamestralvilanova\/infantil\/v-setmana-de-la-ciencia-ciencia-al-carrer\/\" title=\"Read V SETMANA DE LA CI\u00c8NCIA Ci\u00e8ncia al Carrer!\">Llegeix m\u00e9s\u00bb<\/a><\/p>\n","protected":false},"author":1,"featured_media":0,"comment_status":"open","ping_status":"closed","sticky":false,"template":"","format":"standard","meta":{"_bbp_topic_count":0,"_bbp_reply_count":0,"_bbp_total_topic_count":0,"_bbp_total_reply_count":0,"_bbp_voice_count":0,"_bbp_anonymous_reply_count":0,"_bbp_topic_count_hidden":0,"_bbp_reply_count_hidden":0,"_bbp_forum_subforum_count":0,"footnotes":""},"categories":[11,12,15,3,14,59,2,4,5],"tags":[],"class_list":["post-8103","post","type-post","status-publish","format-standard","hentry","category-cicle-inicial","category-tercer-quart","category-cicle-superior","category-ei3-ei4-ei5","category-ei1-ei2","category-primer-cicle-ed-infantil","category-infantil","category-portada","category-primaria"],"post_mailing_queue_ids":[],"_links":{"self":[{"href":"https:\/\/agora.xtec.cat\/escolamestralvilanova\/wp-json\/wp\/v2\/posts\/8103","targetHints":{"allow":["GET"]}}],"collection":[{"href":"https:\/\/agora.xtec.cat\/escolamestralvilanova\/wp-json\/wp\/v2\/posts"}],"about":[{"href":"https:\/\/agora.xtec.cat\/escolamestralvilanova\/wp-json\/wp\/v2\/types\/post"}],"author":[{"embeddable":true,"href":"https:\/\/agora.xtec.cat\/escolamestralvilanova\/wp-json\/wp\/v2\/users\/1"}],"replies":[{"embeddable":true,"href":"https:\/\/agora.xtec.cat\/escolamestralvilanova\/wp-json\/wp\/v2\/comments?post=8103"}],"version-history":[{"count":2,"href":"https:\/\/agora.xtec.cat\/escolamestralvilanova\/wp-json\/wp\/v2\/posts\/8103\/revisions"}],"predecessor-version":[{"id":8106,"href":"https:\/\/agora.xtec.cat\/escolamestralvilanova\/wp-json\/wp\/v2\/posts\/8103\/revisions\/8106"}],"wp:attachment":[{"href":"https:\/\/agora.xtec.cat\/escolamestralvilanova\/wp-json\/wp\/v2\/media?parent=8103"}],"wp:term":[{"taxonomy":"category","embeddable":true,"href":"https:\/\/agora.xtec.cat\/escolamestralvilanova\/wp-json\/wp\/v2\/categories?post=8103"},{"taxonomy":"post_tag","embeddable":true,"href":"https:\/\/agora.xtec.cat\/escolamestralvilanova\/wp-json\/wp\/v2\/tags?post=8103"}],"curies":[{"name":"wp","href":"https:\/\/api.w.org\/{rel}","templated":true}]}}