{"id":8082,"date":"2023-02-14T15:54:51","date_gmt":"2023-02-14T14:54:51","guid":{"rendered":"https:\/\/agora.xtec.cat\/escolamestralvilanova\/?p=8082"},"modified":"2023-02-16T09:37:33","modified_gmt":"2023-02-16T08:37:33","slug":"v-setmana-de-la-ciencia-dia-2","status":"publish","type":"post","link":"https:\/\/agora.xtec.cat\/escolamestralvilanova\/portada\/v-setmana-de-la-ciencia-dia-2\/","title":{"rendered":"V SETMANA DE LA CI\u00c8NCIA Dia 2"},"content":{"rendered":"<p><span style=\"font-weight: 400;\">Avui, segon dia 2 de la Setmana de la Ci\u00e8ncia els nens de Educaci\u00f3 Infantil, Cicle Inicial i Cicle Superior hem anat a veure els experiments elaborats per cicle mitj\u00e0.<\/span><\/p>\n<p><span style=\"font-weight: 400;\">Han fet 4 experiments<\/span><\/p>\n<ul>\n<li style=\"font-weight: 400;\" aria-level=\"1\"><span style=\"font-weight: 400;\">\u201cL\u2019ou flotant\u201d del Guillem, el Kilian i la Greta<\/span><\/li>\n<li style=\"font-weight: 400;\" aria-level=\"1\"><span style=\"font-weight: 400;\">\u201cLa refracci\u00f3\u201d de l\u2019Aina, el Ja\u00efr i l\u2019Eric<\/span><\/li>\n<li style=\"font-weight: 400;\" aria-level=\"1\"><span style=\"font-weight: 400;\">\u201cCocacola i mentos\u201d del Roc, el Joel i\u00a0 la Lucia<\/span><\/li>\n<li style=\"font-weight: 400;\" aria-level=\"1\"><span style=\"font-weight: 400;\">I \u201cSimulador de pluja de l\u2019Ana\u00ebl, No\u00e9, la Cristina i l\u2019Arnau<\/span><\/li>\n<\/ul>\n<p><span style=\"font-weight: 400;\">Tots els experiments de Cicle Mitj\u00e0 han set molt divertits i molt interessants.<\/span><\/p>\n<p><span style=\"font-weight: 400;\">I aquest \u00e9s el petit resum de el segon dia de la setmana de la ci\u00e8ncia.\u00a0<\/span><\/p>\n<pre>Text escrit pel Pau\r\n\r\n<\/pre>\n<ul>\n<li><a href=\"https:\/\/photos.google.com\/share\/AF1QipPQX6vmB1qSTFGr39lZte3S4P7y3n4-NjsLjKyTyfJfSO_g3G9x6Oc-lpUWqXfl_A?pli=1&amp;key=TEhBc0o4elUzSjZIQUg5T3loUERIbGUtNzNCZGRR\">ENLLA\u00c7 A LES FOTOGRAFIES<\/a><\/li>\n<\/ul>\n<p><a href=\"https:\/\/photos.google.com\/share\/AF1QipPQX6vmB1qSTFGr39lZte3S4P7y3n4-NjsLjKyTyfJfSO_g3G9x6Oc-lpUWqXfl_A?pli=1&amp;key=TEhBc0o4elUzSjZIQUg5T3loUERIbGUtNzNCZGRR\"><img loading=\"lazy\" decoding=\"async\" class=\"alignnone size-medium wp-image-8083\" src=\"https:\/\/agora.xtec.cat\/escolamestralvilanova\/wp-content\/uploads\/usu729\/2023\/02\/IMG_6692-300x225.jpg\" alt=\"\" width=\"300\" height=\"225\" srcset=\"https:\/\/agora.xtec.cat\/escolamestralvilanova\/wp-content\/uploads\/usu729\/2023\/02\/IMG_6692-300x225.jpg 300w, https:\/\/agora.xtec.cat\/escolamestralvilanova\/wp-content\/uploads\/usu729\/2023\/02\/IMG_6692-200x150.jpg 200w, https:\/\/agora.xtec.cat\/escolamestralvilanova\/wp-content\/uploads\/usu729\/2023\/02\/IMG_6692.jpg 640w\" sizes=\"auto, (max-width: 300px) 100vw, 300px\" \/><\/a><\/p>\n","protected":false},"excerpt":{"rendered":"<p>Avui, segon dia 2 de la Setmana de la Ci\u00e8ncia els nens de Educaci\u00f3 Infantil, Cicle Inicial i Cicle Superior hem anat a veure els experiments elaborats per cicle mitj\u00e0.<br \/>\nHan fet 4 experiments<\/p>\n<ul>\n<li style=\"font-weight: 400;\" aria-level=\"1\">\u201cL\u2019ou flotant\u201d del Guillem, el Kilian i la Greta<\/li>\n<li style=\"font-weight:&hellip;  <a href=\"https:\/\/agora.xtec.cat\/escolamestralvilanova\/portada\/v-setmana-de-la-ciencia-dia-2\/\" title=\"Read V SETMANA DE LA CI\u00c8NCIA Dia 2\">Llegeix m\u00e9s\u00bb<\/a><br \/>\n","protected":false},"author":1,"featured_media":0,"comment_status":"open","ping_status":"closed","sticky":false,"template":"","format":"standard","meta":{"_bbp_topic_count":0,"_bbp_reply_count":0,"_bbp_total_topic_count":0,"_bbp_total_reply_count":0,"_bbp_voice_count":0,"_bbp_anonymous_reply_count":0,"_bbp_topic_count_hidden":0,"_bbp_reply_count_hidden":0,"_bbp_forum_subforum_count":0,"footnotes":""},"categories":[12,4,5],"tags":[],"class_list":["post-8082","post","type-post","status-publish","format-standard","hentry","category-tercer-quart","category-portada","category-primaria"],"post_mailing_queue_ids":[],"_links":{"self":[{"href":"https:\/\/agora.xtec.cat\/escolamestralvilanova\/wp-json\/wp\/v2\/posts\/8082","targetHints":{"allow":["GET"]}}],"collection":[{"href":"https:\/\/agora.xtec.cat\/escolamestralvilanova\/wp-json\/wp\/v2\/posts"}],"about":[{"href":"https:\/\/agora.xtec.cat\/escolamestralvilanova\/wp-json\/wp\/v2\/types\/post"}],"author":[{"embeddable":true,"href":"https:\/\/agora.xtec.cat\/escolamestralvilanova\/wp-json\/wp\/v2\/users\/1"}],"replies":[{"embeddable":true,"href":"https:\/\/agora.xtec.cat\/escolamestralvilanova\/wp-json\/wp\/v2\/comments?post=8082"}],"version-history":[{"count":3,"href":"https:\/\/agora.xtec.cat\/escolamestralvilanova\/wp-json\/wp\/v2\/posts\/8082\/revisions"}],"predecessor-version":[{"id":8098,"href":"https:\/\/agora.xtec.cat\/escolamestralvilanova\/wp-json\/wp\/v2\/posts\/8082\/revisions\/8098"}],"wp:attachment":[{"href":"https:\/\/agora.xtec.cat\/escolamestralvilanova\/wp-json\/wp\/v2\/media?parent=8082"}],"wp:term":[{"taxonomy":"category","embeddable":true,"href":"https:\/\/agora.xtec.cat\/escolamestralvilanova\/wp-json\/wp\/v2\/categories?post=8082"},{"taxonomy":"post_tag","embeddable":true,"href":"https:\/\/agora.xtec.cat\/escolamestralvilanova\/wp-json\/wp\/v2\/tags?post=8082"}],"curies":[{"name":"wp","href":"https:\/\/api.w.org\/{rel}","templated":true}]}}