{"id":8055,"date":"2023-02-13T16:17:46","date_gmt":"2023-02-13T15:17:46","guid":{"rendered":"https:\/\/agora.xtec.cat\/escolamestralvilanova\/?p=8055"},"modified":"2023-02-13T16:18:11","modified_gmt":"2023-02-13T15:18:11","slug":"v-setmana-de-la-ciencia","status":"publish","type":"post","link":"https:\/\/agora.xtec.cat\/escolamestralvilanova\/general\/v-setmana-de-la-ciencia\/","title":{"rendered":"V SETMANA DE LA CI\u00c8NCIA"},"content":{"rendered":"<p>Amb motiu del dia de la dona\u00a0cient\u00edfica, durant la\u00a0setmana\u00a0del 13 al 16 de febrer durem a terme la\u00a0\u00a0<b>V\u00a0Setmana\u00a0de la\u00a0Ci\u00e8ncia\u00a0<\/b>a l&#8217;escola.<\/p>\n<p>L&#8217;objectiu principal d&#8217;aquesta iniciativa no \u00e9s altre que despertar i potenciar l\u2019inter\u00e8s i la curiositat dels nostres alumnes vers la\u00a0Ci\u00e8ncia.<\/p>\n<p>Per la qual cosa, a nivell d&#8217;aula, treballarem\u00a0diferents cient\u00edfics que han destacat amb les seves investigacions en el camp de la\u00a0ci\u00e8ncia.<\/p>\n<p>I tamb\u00e9, els nens i les nenes de les diferents aules realitzaran diferents experiments cient\u00edfics i els presentaran als seus companys\/es i tamb\u00e9 a vosaltres, les fam\u00edlies. D&#8217;aquesta manera, la programaci\u00f3 ser\u00e0 la seg\u00fcent.<\/p>\n<ul style=\"text-align: justify;\">\n<li><i>Dilluns 13 de febrer: Cicle Superior<\/i><\/li>\n<li><i>Dimarts 14 de febrer: Cicle Mitj\u00e0<\/i><\/li>\n<li><i>Dimecres 15 de febrer: Cicle Inicial<\/i><\/li>\n<\/ul>\n<div style=\"text-align: justify;\"><b><span style=\"color: #ff0000;\">NOVETAT<\/span><\/b>:\u00a0<b>CI\u00c8NCIA AL CARRER!<\/b><\/div>\n<div><\/div>\n<p style=\"text-align: justify;\">Ens fa molta il\u00b7lusi\u00f3 poder ensenyar,\u00a0<b>el dijous 16 de febrer,<\/b>\u00a0un recull dels diferents experiments treballats durant la V Setmana de la Ci\u00e8ncia. Per la qual cosa, a partir de les\u00a0<b>15:45 hores\u00a0<\/b>durem a terme una petita mostra, oberta a les fam\u00edlies. Aquesta es realitzar\u00e0 al carrer de davant de l&#8217;escola. Us hi esperem!<\/p>\n<p style=\"text-align: justify;\">Finalment us adjuntem el cartell que han elaborat els alumnes de sis\u00e8.<\/p>\n<p><a href=\"https:\/\/agora.xtec.cat\/escolamestralvilanova\/wp-content\/uploads\/usu729\/2023\/02\/Cartell-V-setmana-de-la-ciencia.png\"><img loading=\"lazy\" decoding=\"async\" class=\"alignnone wp-image-8058 size-medium\" src=\"https:\/\/agora.xtec.cat\/escolamestralvilanova\/wp-content\/uploads\/usu729\/2023\/02\/Cartell-V-setmana-de-la-ciencia-212x300.png\" alt=\"\" width=\"212\" height=\"300\" srcset=\"https:\/\/agora.xtec.cat\/escolamestralvilanova\/wp-content\/uploads\/usu729\/2023\/02\/Cartell-V-setmana-de-la-ciencia-212x300.png 212w, https:\/\/agora.xtec.cat\/escolamestralvilanova\/wp-content\/uploads\/usu729\/2023\/02\/Cartell-V-setmana-de-la-ciencia-724x1024.png 724w, https:\/\/agora.xtec.cat\/escolamestralvilanova\/wp-content\/uploads\/usu729\/2023\/02\/Cartell-V-setmana-de-la-ciencia-768x1086.png 768w, https:\/\/agora.xtec.cat\/escolamestralvilanova\/wp-content\/uploads\/usu729\/2023\/02\/Cartell-V-setmana-de-la-ciencia-1086x1536.png 1086w, https:\/\/agora.xtec.cat\/escolamestralvilanova\/wp-content\/uploads\/usu729\/2023\/02\/Cartell-V-setmana-de-la-ciencia-1448x2048.png 1448w, https:\/\/agora.xtec.cat\/escolamestralvilanova\/wp-content\/uploads\/usu729\/2023\/02\/Cartell-V-setmana-de-la-ciencia.png 1587w\" sizes=\"auto, (max-width: 212px) 100vw, 212px\" \/><\/a><\/p>\n","protected":false},"excerpt":{"rendered":"<p>Amb motiu del dia de la dona\u00a0cient\u00edfica, durant la\u00a0setmana\u00a0del 13 al 16 de febrer durem a terme la\u00a0\u00a0V\u00a0Setmana\u00a0de la\u00a0Ci\u00e8ncia\u00a0a l&#8217;escola.<br \/>\nL&#8217;objectiu principal d&#8217;aquesta iniciativa no \u00e9s altre que despertar i potenciar l\u2019inter\u00e8s i la curiositat dels nostres alumnes vers la\u00a0Ci\u00e8ncia.<br \/>\nPer la qual cosa, a nivell d&#8217;aula,&hellip;  <a href=\"https:\/\/agora.xtec.cat\/escolamestralvilanova\/general\/v-setmana-de-la-ciencia\/\" title=\"Read V SETMANA DE LA CI\u00c8NCIA\">Llegeix m\u00e9s\u00bb<\/a><\/p>\n","protected":false},"author":1,"featured_media":0,"comment_status":"open","ping_status":"closed","sticky":false,"template":"","format":"standard","meta":{"_bbp_topic_count":0,"_bbp_reply_count":0,"_bbp_total_topic_count":0,"_bbp_total_reply_count":0,"_bbp_voice_count":0,"_bbp_anonymous_reply_count":0,"_bbp_topic_count_hidden":0,"_bbp_reply_count_hidden":0,"_bbp_forum_subforum_count":0,"footnotes":""},"categories":[11,12,15,3,14,1,2,4,5],"tags":[],"class_list":["post-8055","post","type-post","status-publish","format-standard","hentry","category-cicle-inicial","category-tercer-quart","category-cicle-superior","category-ei3-ei4-ei5","category-ei1-ei2","category-general","category-infantil","category-portada","category-primaria"],"post_mailing_queue_ids":[],"_links":{"self":[{"href":"https:\/\/agora.xtec.cat\/escolamestralvilanova\/wp-json\/wp\/v2\/posts\/8055","targetHints":{"allow":["GET"]}}],"collection":[{"href":"https:\/\/agora.xtec.cat\/escolamestralvilanova\/wp-json\/wp\/v2\/posts"}],"about":[{"href":"https:\/\/agora.xtec.cat\/escolamestralvilanova\/wp-json\/wp\/v2\/types\/post"}],"author":[{"embeddable":true,"href":"https:\/\/agora.xtec.cat\/escolamestralvilanova\/wp-json\/wp\/v2\/users\/1"}],"replies":[{"embeddable":true,"href":"https:\/\/agora.xtec.cat\/escolamestralvilanova\/wp-json\/wp\/v2\/comments?post=8055"}],"version-history":[{"count":3,"href":"https:\/\/agora.xtec.cat\/escolamestralvilanova\/wp-json\/wp\/v2\/posts\/8055\/revisions"}],"predecessor-version":[{"id":8060,"href":"https:\/\/agora.xtec.cat\/escolamestralvilanova\/wp-json\/wp\/v2\/posts\/8055\/revisions\/8060"}],"wp:attachment":[{"href":"https:\/\/agora.xtec.cat\/escolamestralvilanova\/wp-json\/wp\/v2\/media?parent=8055"}],"wp:term":[{"taxonomy":"category","embeddable":true,"href":"https:\/\/agora.xtec.cat\/escolamestralvilanova\/wp-json\/wp\/v2\/categories?post=8055"},{"taxonomy":"post_tag","embeddable":true,"href":"https:\/\/agora.xtec.cat\/escolamestralvilanova\/wp-json\/wp\/v2\/tags?post=8055"}],"curies":[{"name":"wp","href":"https:\/\/api.w.org\/{rel}","templated":true}]}}