{"id":8015,"date":"2023-01-31T13:14:26","date_gmt":"2023-01-31T12:14:26","guid":{"rendered":"https:\/\/agora.xtec.cat\/escolamestralvilanova\/?p=8015"},"modified":"2023-01-31T13:14:26","modified_gmt":"2023-01-31T12:14:26","slug":"ei-3-fem-neu","status":"publish","type":"post","link":"https:\/\/agora.xtec.cat\/escolamestralvilanova\/infantil\/ei-3-fem-neu\/","title":{"rendered":"EI-3 FEM NEU!"},"content":{"rendered":"<p>Estem treballant l&#8217;hivern i la setmana passada pens\u00e0vem que nevaria una mica m\u00e9s a Vilanova de la Barca, per\u00f2 com va nevar molt poquet vam decidir fer nosaltres la neu.<\/p>\n<p>Amb bicarbonat de sodi i aigua ho vam aconseguir, vam poder manipular, fer boles i fins i tot un ninot de neu per la classe.<\/p>\n<p>Ens ho vam passar genial!<\/p>\n<ul>\n<li><a href=\"https:\/\/photos.app.goo.gl\/CCGptoFFfaCQacK19\">ENLLA\u00c7 A LES FOTOGRAFIES<\/a><\/li>\n<\/ul>\n<p><a href=\"https:\/\/photos.app.goo.gl\/CCGptoFFfaCQacK19\"><img loading=\"lazy\" decoding=\"async\" class=\"alignnone size-medium wp-image-8016\" src=\"https:\/\/agora.xtec.cat\/escolamestralvilanova\/wp-content\/uploads\/usu729\/2023\/01\/ei3-neu-300x218.jpg\" alt=\"\" width=\"300\" height=\"218\" srcset=\"https:\/\/agora.xtec.cat\/escolamestralvilanova\/wp-content\/uploads\/usu729\/2023\/01\/ei3-neu-300x218.jpg 300w, https:\/\/agora.xtec.cat\/escolamestralvilanova\/wp-content\/uploads\/usu729\/2023\/01\/ei3-neu-1024x743.jpg 1024w, https:\/\/agora.xtec.cat\/escolamestralvilanova\/wp-content\/uploads\/usu729\/2023\/01\/ei3-neu-768x557.jpg 768w, https:\/\/agora.xtec.cat\/escolamestralvilanova\/wp-content\/uploads\/usu729\/2023\/01\/ei3-neu-1536x1115.jpg 1536w, https:\/\/agora.xtec.cat\/escolamestralvilanova\/wp-content\/uploads\/usu729\/2023\/01\/ei3-neu.jpg 2005w\" sizes=\"auto, (max-width: 300px) 100vw, 300px\" \/><\/a><\/p>\n","protected":false},"excerpt":{"rendered":"<p>Estem treballant l&#8217;hivern i la setmana passada pens\u00e0vem que nevaria una mica m\u00e9s a Vilanova de la Barca, per\u00f2 com va nevar molt poquet vam decidir fer nosaltres la neu.<br \/>\nAmb bicarbonat de sodi i aigua ho vam aconseguir, vam poder manipular, fer boles i fins&hellip;  <a href=\"https:\/\/agora.xtec.cat\/escolamestralvilanova\/infantil\/ei-3-fem-neu\/\" title=\"Read EI-3 FEM NEU!\">Llegeix m\u00e9s\u00bb<\/a><\/p>\n","protected":false},"author":1,"featured_media":0,"comment_status":"open","ping_status":"closed","sticky":false,"template":"","format":"standard","meta":{"_bbp_topic_count":0,"_bbp_reply_count":0,"_bbp_total_topic_count":0,"_bbp_total_reply_count":0,"_bbp_voice_count":0,"_bbp_anonymous_reply_count":0,"_bbp_topic_count_hidden":0,"_bbp_reply_count_hidden":0,"_bbp_forum_subforum_count":0,"footnotes":""},"categories":[3,2,4],"tags":[],"class_list":["post-8015","post","type-post","status-publish","format-standard","hentry","category-ei3-ei4-ei5","category-infantil","category-portada"],"post_mailing_queue_ids":[],"_links":{"self":[{"href":"https:\/\/agora.xtec.cat\/escolamestralvilanova\/wp-json\/wp\/v2\/posts\/8015","targetHints":{"allow":["GET"]}}],"collection":[{"href":"https:\/\/agora.xtec.cat\/escolamestralvilanova\/wp-json\/wp\/v2\/posts"}],"about":[{"href":"https:\/\/agora.xtec.cat\/escolamestralvilanova\/wp-json\/wp\/v2\/types\/post"}],"author":[{"embeddable":true,"href":"https:\/\/agora.xtec.cat\/escolamestralvilanova\/wp-json\/wp\/v2\/users\/1"}],"replies":[{"embeddable":true,"href":"https:\/\/agora.xtec.cat\/escolamestralvilanova\/wp-json\/wp\/v2\/comments?post=8015"}],"version-history":[{"count":1,"href":"https:\/\/agora.xtec.cat\/escolamestralvilanova\/wp-json\/wp\/v2\/posts\/8015\/revisions"}],"predecessor-version":[{"id":8017,"href":"https:\/\/agora.xtec.cat\/escolamestralvilanova\/wp-json\/wp\/v2\/posts\/8015\/revisions\/8017"}],"wp:attachment":[{"href":"https:\/\/agora.xtec.cat\/escolamestralvilanova\/wp-json\/wp\/v2\/media?parent=8015"}],"wp:term":[{"taxonomy":"category","embeddable":true,"href":"https:\/\/agora.xtec.cat\/escolamestralvilanova\/wp-json\/wp\/v2\/categories?post=8015"},{"taxonomy":"post_tag","embeddable":true,"href":"https:\/\/agora.xtec.cat\/escolamestralvilanova\/wp-json\/wp\/v2\/tags?post=8015"}],"curies":[{"name":"wp","href":"https:\/\/api.w.org\/{rel}","templated":true}]}}