{"id":7989,"date":"2023-01-19T16:30:20","date_gmt":"2023-01-19T15:30:20","guid":{"rendered":"https:\/\/agora.xtec.cat\/escolamestralvilanova\/?p=7989"},"modified":"2023-01-19T16:30:20","modified_gmt":"2023-01-19T15:30:20","slug":"la-protectora-danimals","status":"publish","type":"post","link":"https:\/\/agora.xtec.cat\/escolamestralvilanova\/portada\/la-protectora-danimals\/","title":{"rendered":"LA PROTECTORA D&#8217;ANIMALS"},"content":{"rendered":"<p style=\"text-align: justify;\"><span style=\"font-weight: 400;\">El passat dijous 12 de gener els alumnes de CS de la escola Mestral vam rebre una visita de &#8220;La protectora d\u2019animals dom\u00e8stics&#8221;. Van dur a terme una xerrada que va comen\u00e7ar a les 09:00 del mat\u00ed i va estar plena d&#8217;informaci\u00f3 molt interessant i entenedora.<\/span><\/p>\n<pre>Cristina i Helena\r\n\r\n<\/pre>\n<ul>\n<li><a href=\"https:\/\/photos.app.goo.gl\/HVpDxiLsaTLb2v3P7\">ENLLA\u00c7 A LES FOTOGRAFIES<\/a><\/li>\n<\/ul>\n<p><a href=\"https:\/\/photos.app.goo.gl\/HVpDxiLsaTLb2v3P7\"><img loading=\"lazy\" decoding=\"async\" class=\"alignnone size-medium wp-image-7990\" src=\"https:\/\/agora.xtec.cat\/escolamestralvilanova\/wp-content\/uploads\/usu729\/2023\/01\/protectora-300x225.jpg\" alt=\"\" width=\"300\" height=\"225\" srcset=\"https:\/\/agora.xtec.cat\/escolamestralvilanova\/wp-content\/uploads\/usu729\/2023\/01\/protectora-300x225.jpg 300w, https:\/\/agora.xtec.cat\/escolamestralvilanova\/wp-content\/uploads\/usu729\/2023\/01\/protectora-200x150.jpg 200w, https:\/\/agora.xtec.cat\/escolamestralvilanova\/wp-content\/uploads\/usu729\/2023\/01\/protectora.jpg 640w\" sizes=\"auto, (max-width: 300px) 100vw, 300px\" \/><\/a><\/p>\n","protected":false},"excerpt":{"rendered":"<p>El passat dijous 12 de gener els alumnes de CS de la escola Mestral vam rebre una visita de &#8220;La protectora d\u2019animals dom\u00e8stics&#8221;. Van dur a terme una xerrada que va comen\u00e7ar a les 09:00 del mat\u00ed i va estar plena d&#8217;informaci\u00f3 molt interessant i&hellip;  <a href=\"https:\/\/agora.xtec.cat\/escolamestralvilanova\/portada\/la-protectora-danimals\/\" title=\"Read LA PROTECTORA D&#8217;ANIMALS\">Llegeix m\u00e9s\u00bb<\/a><\/p>\n","protected":false},"author":1,"featured_media":0,"comment_status":"open","ping_status":"closed","sticky":false,"template":"","format":"standard","meta":{"_bbp_topic_count":0,"_bbp_reply_count":0,"_bbp_total_topic_count":0,"_bbp_total_reply_count":0,"_bbp_voice_count":0,"_bbp_anonymous_reply_count":0,"_bbp_topic_count_hidden":0,"_bbp_reply_count_hidden":0,"_bbp_forum_subforum_count":0,"footnotes":""},"categories":[15,4,5],"tags":[],"class_list":["post-7989","post","type-post","status-publish","format-standard","hentry","category-cicle-superior","category-portada","category-primaria"],"post_mailing_queue_ids":[],"_links":{"self":[{"href":"https:\/\/agora.xtec.cat\/escolamestralvilanova\/wp-json\/wp\/v2\/posts\/7989","targetHints":{"allow":["GET"]}}],"collection":[{"href":"https:\/\/agora.xtec.cat\/escolamestralvilanova\/wp-json\/wp\/v2\/posts"}],"about":[{"href":"https:\/\/agora.xtec.cat\/escolamestralvilanova\/wp-json\/wp\/v2\/types\/post"}],"author":[{"embeddable":true,"href":"https:\/\/agora.xtec.cat\/escolamestralvilanova\/wp-json\/wp\/v2\/users\/1"}],"replies":[{"embeddable":true,"href":"https:\/\/agora.xtec.cat\/escolamestralvilanova\/wp-json\/wp\/v2\/comments?post=7989"}],"version-history":[{"count":1,"href":"https:\/\/agora.xtec.cat\/escolamestralvilanova\/wp-json\/wp\/v2\/posts\/7989\/revisions"}],"predecessor-version":[{"id":7991,"href":"https:\/\/agora.xtec.cat\/escolamestralvilanova\/wp-json\/wp\/v2\/posts\/7989\/revisions\/7991"}],"wp:attachment":[{"href":"https:\/\/agora.xtec.cat\/escolamestralvilanova\/wp-json\/wp\/v2\/media?parent=7989"}],"wp:term":[{"taxonomy":"category","embeddable":true,"href":"https:\/\/agora.xtec.cat\/escolamestralvilanova\/wp-json\/wp\/v2\/categories?post=7989"},{"taxonomy":"post_tag","embeddable":true,"href":"https:\/\/agora.xtec.cat\/escolamestralvilanova\/wp-json\/wp\/v2\/tags?post=7989"}],"curies":[{"name":"wp","href":"https:\/\/api.w.org\/{rel}","templated":true}]}}