{"id":7985,"date":"2023-01-17T16:24:33","date_gmt":"2023-01-17T15:24:33","guid":{"rendered":"https:\/\/agora.xtec.cat\/escolamestralvilanova\/?p=7985"},"modified":"2023-01-17T16:24:33","modified_gmt":"2023-01-17T15:24:33","slug":"ha-vingut-lambulancia","status":"publish","type":"post","link":"https:\/\/agora.xtec.cat\/escolamestralvilanova\/general\/ha-vingut-lambulancia\/","title":{"rendered":"HA VINGUT L&#8217;AMBUL\u00c0NCIA!"},"content":{"rendered":"<p style=\"text-align: justify;\">Avui ha vingut l&#8217;ambul\u00e0ncia a l&#8217;escola, ens han visitat un noi i una noia, t\u00e8cnics del SEM, que ens han ensenyat moltes coses com per exemple: una motxilla que portava el mateix que l&#8217;ambul\u00e0ncia, la llitera, la cadira de rodes, l&#8217;ox\u00edmetre (un aparell que mesura el percentatge d&#8217;oxigen en sang), un aparell per mesurar la tensi\u00f3, la bombona d&#8217;oxigen, una m\u00e0scara&#8230;Tamb\u00e9 ens han explicat moltes coses m\u00e9s i ens han respost totes les preguntes que els hi hem fet.<\/p>\n<p style=\"text-align: justify;\">Les coses que m\u00e9s ens han interessat s\u00f3n: la bomba d&#8217;oxigen, com es desplacen les persones que no es poden moure, com s&#8217;immobilitza un \u00f3s trencat, com ajudar a una persona que es troba malalta o ferida al terra&#8230;<\/p>\n<p style=\"text-align: justify;\">I per \u00faltim, hem sortit al carrer on hem pogut entrar a l&#8217;ambul\u00e0ncia per veure les eines que fan servir i tamb\u00e9 hem fet sonar la sirena i el cl\u00e0xon.<\/p>\n<p style=\"text-align: justify;\">Ens ha agradat molt!<\/p>\n<pre style=\"text-align: right;\">Efr\u00e9n<\/pre>\n<ul>\n<li style=\"text-align: left;\"><a href=\"https:\/\/photos.app.goo.gl\/XTKhsaoBrLHJkx1C9\">ENLLA\u00c7 A LES FOTOGRAFIES<\/a><\/li>\n<\/ul>\n<p><a href=\"https:\/\/photos.app.goo.gl\/XTKhsaoBrLHJkx1C9\"><img loading=\"lazy\" decoding=\"async\" class=\"alignnone size-medium wp-image-7987\" src=\"https:\/\/agora.xtec.cat\/escolamestralvilanova\/wp-content\/uploads\/usu729\/2023\/01\/20230117_094443-225x300.jpg\" alt=\"\" width=\"225\" height=\"300\" srcset=\"https:\/\/agora.xtec.cat\/escolamestralvilanova\/wp-content\/uploads\/usu729\/2023\/01\/20230117_094443-225x300.jpg 225w, https:\/\/agora.xtec.cat\/escolamestralvilanova\/wp-content\/uploads\/usu729\/2023\/01\/20230117_094443.jpg 685w\" sizes=\"auto, (max-width: 225px) 100vw, 225px\" \/><\/a><\/p>\n","protected":false},"excerpt":{"rendered":"<p>Avui ha vingut l&#8217;ambul\u00e0ncia a l&#8217;escola, ens han visitat un noi i una noia, t\u00e8cnics del SEM, que ens han ensenyat moltes coses com per exemple: una motxilla que portava el mateix que l&#8217;ambul\u00e0ncia, la llitera, la cadira de rodes, l&#8217;ox\u00edmetre (un aparell que mesura&hellip;  <a href=\"https:\/\/agora.xtec.cat\/escolamestralvilanova\/general\/ha-vingut-lambulancia\/\" title=\"Read HA VINGUT L&#8217;AMBUL\u00c0NCIA!\">Llegeix m\u00e9s\u00bb<\/a><\/p>\n","protected":false},"author":1,"featured_media":0,"comment_status":"open","ping_status":"closed","sticky":false,"template":"","format":"standard","meta":{"_bbp_topic_count":0,"_bbp_reply_count":0,"_bbp_total_topic_count":0,"_bbp_total_reply_count":0,"_bbp_voice_count":0,"_bbp_anonymous_reply_count":0,"_bbp_topic_count_hidden":0,"_bbp_reply_count_hidden":0,"_bbp_forum_subforum_count":0,"footnotes":""},"categories":[11,12,15,3,1,2,4,5],"tags":[],"class_list":["post-7985","post","type-post","status-publish","format-standard","hentry","category-cicle-inicial","category-tercer-quart","category-cicle-superior","category-ei3-ei4-ei5","category-general","category-infantil","category-portada","category-primaria"],"post_mailing_queue_ids":[],"_links":{"self":[{"href":"https:\/\/agora.xtec.cat\/escolamestralvilanova\/wp-json\/wp\/v2\/posts\/7985","targetHints":{"allow":["GET"]}}],"collection":[{"href":"https:\/\/agora.xtec.cat\/escolamestralvilanova\/wp-json\/wp\/v2\/posts"}],"about":[{"href":"https:\/\/agora.xtec.cat\/escolamestralvilanova\/wp-json\/wp\/v2\/types\/post"}],"author":[{"embeddable":true,"href":"https:\/\/agora.xtec.cat\/escolamestralvilanova\/wp-json\/wp\/v2\/users\/1"}],"replies":[{"embeddable":true,"href":"https:\/\/agora.xtec.cat\/escolamestralvilanova\/wp-json\/wp\/v2\/comments?post=7985"}],"version-history":[{"count":2,"href":"https:\/\/agora.xtec.cat\/escolamestralvilanova\/wp-json\/wp\/v2\/posts\/7985\/revisions"}],"predecessor-version":[{"id":7988,"href":"https:\/\/agora.xtec.cat\/escolamestralvilanova\/wp-json\/wp\/v2\/posts\/7985\/revisions\/7988"}],"wp:attachment":[{"href":"https:\/\/agora.xtec.cat\/escolamestralvilanova\/wp-json\/wp\/v2\/media?parent=7985"}],"wp:term":[{"taxonomy":"category","embeddable":true,"href":"https:\/\/agora.xtec.cat\/escolamestralvilanova\/wp-json\/wp\/v2\/categories?post=7985"},{"taxonomy":"post_tag","embeddable":true,"href":"https:\/\/agora.xtec.cat\/escolamestralvilanova\/wp-json\/wp\/v2\/tags?post=7985"}],"curies":[{"name":"wp","href":"https:\/\/api.w.org\/{rel}","templated":true}]}}