{"id":7979,"date":"2023-01-17T09:10:09","date_gmt":"2023-01-17T08:10:09","guid":{"rendered":"https:\/\/agora.xtec.cat\/escolamestralvilanova\/?p=7979"},"modified":"2023-01-17T09:10:09","modified_gmt":"2023-01-17T08:10:09","slug":"compartim-lectures-3","status":"publish","type":"post","link":"https:\/\/agora.xtec.cat\/escolamestralvilanova\/portada\/compartim-lectures-3\/","title":{"rendered":"COMPARTIM LECTURES!"},"content":{"rendered":"<p>Compartim lectures!<\/p>\n<p>Aquestos primers dies del segon trimestre, els infants de cicle mitj\u00e0 hem compartit els llibres que hem llegit al Nadal.<\/p>\n<p>Ha sigut una experi\u00e8ncia molt enriquidora ja que hem apr\u00e8s diversos autors i t\u00edtols de lectures ben diferents!<\/p>\n<ul>\n<li><a href=\"https:\/\/photos.app.goo.gl\/QT8FK78gLuL8mgkC6\">ENLLA\u00c7 A LES FOTOGRAFIES<\/a><\/li>\n<\/ul>\n<p><a href=\"https:\/\/photos.app.goo.gl\/QT8FK78gLuL8mgkC6\"><img loading=\"lazy\" decoding=\"async\" class=\"alignnone size-medium wp-image-7980\" src=\"https:\/\/agora.xtec.cat\/escolamestralvilanova\/wp-content\/uploads\/usu729\/2023\/01\/noe-lectura-201x300.jpg\" alt=\"\" width=\"201\" height=\"300\" srcset=\"https:\/\/agora.xtec.cat\/escolamestralvilanova\/wp-content\/uploads\/usu729\/2023\/01\/noe-lectura-201x300.jpg 201w, https:\/\/agora.xtec.cat\/escolamestralvilanova\/wp-content\/uploads\/usu729\/2023\/01\/noe-lectura.jpg 420w\" sizes=\"auto, (max-width: 201px) 100vw, 201px\" \/><\/a><\/p>\n","protected":false},"excerpt":{"rendered":"<p>Compartim lectures!<br \/>\nAquestos primers dies del segon trimestre, els infants de cicle mitj\u00e0 hem compartit els llibres que hem llegit al Nadal.<br \/>\nHa sigut una experi\u00e8ncia molt enriquidora ja que hem apr\u00e8s diversos autors i t\u00edtols de lectures ben diferents!<\/p>\n<ul>\n<li><a href=\"https:\/\/photos.app.goo.gl\/QT8FK78gLuL8mgkC6\">ENLLA\u00c7 A LES FOTOGRAFIES<\/a><\/li>\n<\/ul>\n<p><a href=\"https:\/\/photos.app.goo.gl\/QT8FK78gLuL8mgkC6\"><\/a><\/p>\n","protected":false},"author":1,"featured_media":0,"comment_status":"open","ping_status":"closed","sticky":false,"template":"","format":"standard","meta":{"_bbp_topic_count":0,"_bbp_reply_count":0,"_bbp_total_topic_count":0,"_bbp_total_reply_count":0,"_bbp_voice_count":0,"_bbp_anonymous_reply_count":0,"_bbp_topic_count_hidden":0,"_bbp_reply_count_hidden":0,"_bbp_forum_subforum_count":0,"footnotes":""},"categories":[12,4,5],"tags":[],"class_list":["post-7979","post","type-post","status-publish","format-standard","hentry","category-tercer-quart","category-portada","category-primaria"],"post_mailing_queue_ids":[],"_links":{"self":[{"href":"https:\/\/agora.xtec.cat\/escolamestralvilanova\/wp-json\/wp\/v2\/posts\/7979","targetHints":{"allow":["GET"]}}],"collection":[{"href":"https:\/\/agora.xtec.cat\/escolamestralvilanova\/wp-json\/wp\/v2\/posts"}],"about":[{"href":"https:\/\/agora.xtec.cat\/escolamestralvilanova\/wp-json\/wp\/v2\/types\/post"}],"author":[{"embeddable":true,"href":"https:\/\/agora.xtec.cat\/escolamestralvilanova\/wp-json\/wp\/v2\/users\/1"}],"replies":[{"embeddable":true,"href":"https:\/\/agora.xtec.cat\/escolamestralvilanova\/wp-json\/wp\/v2\/comments?post=7979"}],"version-history":[{"count":1,"href":"https:\/\/agora.xtec.cat\/escolamestralvilanova\/wp-json\/wp\/v2\/posts\/7979\/revisions"}],"predecessor-version":[{"id":7981,"href":"https:\/\/agora.xtec.cat\/escolamestralvilanova\/wp-json\/wp\/v2\/posts\/7979\/revisions\/7981"}],"wp:attachment":[{"href":"https:\/\/agora.xtec.cat\/escolamestralvilanova\/wp-json\/wp\/v2\/media?parent=7979"}],"wp:term":[{"taxonomy":"category","embeddable":true,"href":"https:\/\/agora.xtec.cat\/escolamestralvilanova\/wp-json\/wp\/v2\/categories?post=7979"},{"taxonomy":"post_tag","embeddable":true,"href":"https:\/\/agora.xtec.cat\/escolamestralvilanova\/wp-json\/wp\/v2\/tags?post=7979"}],"curies":[{"name":"wp","href":"https:\/\/api.w.org\/{rel}","templated":true}]}}