{"id":7965,"date":"2023-01-12T12:47:47","date_gmt":"2023-01-12T11:47:47","guid":{"rendered":"https:\/\/agora.xtec.cat\/escolamestralvilanova\/?p=7965"},"modified":"2023-01-12T12:47:47","modified_gmt":"2023-01-12T11:47:47","slug":"primer-dia","status":"publish","type":"post","link":"https:\/\/agora.xtec.cat\/escolamestralvilanova\/general\/primer-dia\/","title":{"rendered":"PRIMER DIA!"},"content":{"rendered":"<p>Hola fam\u00edlies!<\/p>\n<p>El 9 de gener va ser el dia del retorn a l&#8217;escola. Tot l&#8217;alumnat va tenir una gran sorpresa, els reis mags havien deixat diversos regals!<\/p>\n<p>Tamb\u00e9 durant la tarda tothom que va voler va poder portar una joguina i compartir-la amb els companys i companyes de l&#8217;escola!<\/p>\n<p>Tots ten\u00edem moltes ganes de veure&#8217;ns i ens ho vam passar d&#8217;all\u00f2 m\u00e9s b\u00e9!<\/p>\n<ul>\n<li><a href=\"https:\/\/photos.app.goo.gl\/3wnGfdjxCegKA8367\">ENLLA\u00c7 A LES FOTOGRAFIES<\/a><\/li>\n<\/ul>\n<p><a href=\"https:\/\/photos.app.goo.gl\/3wnGfdjxCegKA8367\"><img loading=\"lazy\" decoding=\"async\" class=\"alignnone size-medium wp-image-7966\" src=\"https:\/\/agora.xtec.cat\/escolamestralvilanova\/wp-content\/uploads\/usu729\/2023\/01\/primer-dia-246x300.jpg\" alt=\"\" width=\"246\" height=\"300\" srcset=\"https:\/\/agora.xtec.cat\/escolamestralvilanova\/wp-content\/uploads\/usu729\/2023\/01\/primer-dia-246x300.jpg 246w, https:\/\/agora.xtec.cat\/escolamestralvilanova\/wp-content\/uploads\/usu729\/2023\/01\/primer-dia.jpg 610w\" sizes=\"auto, (max-width: 246px) 100vw, 246px\" \/><\/a><\/p>\n","protected":false},"excerpt":{"rendered":"<p>Hola fam\u00edlies!<br \/>\nEl 9 de gener va ser el dia del retorn a l&#8217;escola. Tot l&#8217;alumnat va tenir una gran sorpresa, els reis mags havien deixat diversos regals!<br \/>\nTamb\u00e9 durant la tarda tothom que va voler va poder portar una joguina i compartir-la amb els companys i&hellip;  <a href=\"https:\/\/agora.xtec.cat\/escolamestralvilanova\/general\/primer-dia\/\" title=\"Read PRIMER DIA!\">Llegeix m\u00e9s\u00bb<\/a><\/p>\n","protected":false},"author":1,"featured_media":0,"comment_status":"open","ping_status":"closed","sticky":false,"template":"","format":"standard","meta":{"_bbp_topic_count":0,"_bbp_reply_count":0,"_bbp_total_topic_count":0,"_bbp_total_reply_count":0,"_bbp_voice_count":0,"_bbp_anonymous_reply_count":0,"_bbp_topic_count_hidden":0,"_bbp_reply_count_hidden":0,"_bbp_forum_subforum_count":0,"footnotes":""},"categories":[1,2,4,5],"tags":[],"class_list":["post-7965","post","type-post","status-publish","format-standard","hentry","category-general","category-infantil","category-portada","category-primaria"],"post_mailing_queue_ids":[],"_links":{"self":[{"href":"https:\/\/agora.xtec.cat\/escolamestralvilanova\/wp-json\/wp\/v2\/posts\/7965","targetHints":{"allow":["GET"]}}],"collection":[{"href":"https:\/\/agora.xtec.cat\/escolamestralvilanova\/wp-json\/wp\/v2\/posts"}],"about":[{"href":"https:\/\/agora.xtec.cat\/escolamestralvilanova\/wp-json\/wp\/v2\/types\/post"}],"author":[{"embeddable":true,"href":"https:\/\/agora.xtec.cat\/escolamestralvilanova\/wp-json\/wp\/v2\/users\/1"}],"replies":[{"embeddable":true,"href":"https:\/\/agora.xtec.cat\/escolamestralvilanova\/wp-json\/wp\/v2\/comments?post=7965"}],"version-history":[{"count":1,"href":"https:\/\/agora.xtec.cat\/escolamestralvilanova\/wp-json\/wp\/v2\/posts\/7965\/revisions"}],"predecessor-version":[{"id":7967,"href":"https:\/\/agora.xtec.cat\/escolamestralvilanova\/wp-json\/wp\/v2\/posts\/7965\/revisions\/7967"}],"wp:attachment":[{"href":"https:\/\/agora.xtec.cat\/escolamestralvilanova\/wp-json\/wp\/v2\/media?parent=7965"}],"wp:term":[{"taxonomy":"category","embeddable":true,"href":"https:\/\/agora.xtec.cat\/escolamestralvilanova\/wp-json\/wp\/v2\/categories?post=7965"},{"taxonomy":"post_tag","embeddable":true,"href":"https:\/\/agora.xtec.cat\/escolamestralvilanova\/wp-json\/wp\/v2\/tags?post=7965"}],"curies":[{"name":"wp","href":"https:\/\/api.w.org\/{rel}","templated":true}]}}