{"id":7961,"date":"2023-01-10T11:24:42","date_gmt":"2023-01-10T10:24:42","guid":{"rendered":"https:\/\/agora.xtec.cat\/escolamestralvilanova\/?p=7961"},"modified":"2023-01-10T11:26:08","modified_gmt":"2023-01-10T10:26:08","slug":"ei4-i-ei5-fan-neu","status":"publish","type":"post","link":"https:\/\/agora.xtec.cat\/escolamestralvilanova\/infantil\/ei4-i-ei5-fan-neu\/","title":{"rendered":"EI4 i EI5 FAN NEU!"},"content":{"rendered":"<p>Hola fam\u00edlies,<\/p>\n<p>Abans de marxar de vacances, vam estar parlant molt de l\u2019hivern i els infants coincidien en la idea que all\u00f2 m\u00e9s bonic d\u2019aquesta estaci\u00f3 de l\u2019any era la neu.<br \/>\nPer\u00f2 estaven una mica tristos perqu\u00e8 a Vilanova de la Barca neva poc.Aix\u00ed que vam decidir entre tots i totes crear neu artificial a l\u2019aula!!!<\/p>\n<p>Amb tant sols dos ingredients; bicarbonat de sodi i aigua vam aconseguir fer boles i ninots de neu a la classe!!!<\/p>\n<p>Quina estona m\u00e9s divertida i quina il\u2022lusi\u00f3 els hi va fer als infants!!<\/p>\n<ul>\n<li dir=\"auto\"><a href=\"https:\/\/photos.app.goo.gl\/ooRK7G5TX63Eeoix9\">ENLLA\u00c7 A LES FOTOGRAFIES<\/a><\/li>\n<\/ul>\n<div dir=\"auto\"><a href=\"https:\/\/photos.app.goo.gl\/ooRK7G5TX63Eeoix9\"><img loading=\"lazy\" decoding=\"async\" class=\"alignnone size-medium wp-image-7962\" src=\"https:\/\/agora.xtec.cat\/escolamestralvilanova\/wp-content\/uploads\/usu729\/2023\/01\/fem-neu-300x224.jpg\" alt=\"\" width=\"300\" height=\"224\" srcset=\"https:\/\/agora.xtec.cat\/escolamestralvilanova\/wp-content\/uploads\/usu729\/2023\/01\/fem-neu-300x224.jpg 300w, https:\/\/agora.xtec.cat\/escolamestralvilanova\/wp-content\/uploads\/usu729\/2023\/01\/fem-neu-1024x766.jpg 1024w, https:\/\/agora.xtec.cat\/escolamestralvilanova\/wp-content\/uploads\/usu729\/2023\/01\/fem-neu-768x574.jpg 768w, https:\/\/agora.xtec.cat\/escolamestralvilanova\/wp-content\/uploads\/usu729\/2023\/01\/fem-neu-200x150.jpg 200w, https:\/\/agora.xtec.cat\/escolamestralvilanova\/wp-content\/uploads\/usu729\/2023\/01\/fem-neu.jpg 1133w\" sizes=\"auto, (max-width: 300px) 100vw, 300px\" \/><\/a><\/div>\n<div dir=\"auto\"><\/div>\n","protected":false},"excerpt":{"rendered":"<p>Hola fam\u00edlies,<br \/>\nAbans de marxar de vacances, vam estar parlant molt de l\u2019hivern i els infants coincidien en la idea que all\u00f2 m\u00e9s bonic d\u2019aquesta estaci\u00f3 de l\u2019any era la neu.<br \/>\nPer\u00f2 estaven una mica tristos perqu\u00e8 a Vilanova de la Barca neva poc.Aix\u00ed que vam decidir&hellip;  <a href=\"https:\/\/agora.xtec.cat\/escolamestralvilanova\/infantil\/ei4-i-ei5-fan-neu\/\" title=\"Read EI4 i EI5 FAN NEU!\">Llegeix m\u00e9s\u00bb<\/a><\/p>\n","protected":false},"author":1,"featured_media":0,"comment_status":"open","ping_status":"closed","sticky":false,"template":"","format":"standard","meta":{"_bbp_topic_count":0,"_bbp_reply_count":0,"_bbp_total_topic_count":0,"_bbp_total_reply_count":0,"_bbp_voice_count":0,"_bbp_anonymous_reply_count":0,"_bbp_topic_count_hidden":0,"_bbp_reply_count_hidden":0,"_bbp_forum_subforum_count":0,"footnotes":""},"categories":[3,2,4],"tags":[],"class_list":["post-7961","post","type-post","status-publish","format-standard","hentry","category-ei3-ei4-ei5","category-infantil","category-portada"],"post_mailing_queue_ids":[],"_links":{"self":[{"href":"https:\/\/agora.xtec.cat\/escolamestralvilanova\/wp-json\/wp\/v2\/posts\/7961","targetHints":{"allow":["GET"]}}],"collection":[{"href":"https:\/\/agora.xtec.cat\/escolamestralvilanova\/wp-json\/wp\/v2\/posts"}],"about":[{"href":"https:\/\/agora.xtec.cat\/escolamestralvilanova\/wp-json\/wp\/v2\/types\/post"}],"author":[{"embeddable":true,"href":"https:\/\/agora.xtec.cat\/escolamestralvilanova\/wp-json\/wp\/v2\/users\/1"}],"replies":[{"embeddable":true,"href":"https:\/\/agora.xtec.cat\/escolamestralvilanova\/wp-json\/wp\/v2\/comments?post=7961"}],"version-history":[{"count":2,"href":"https:\/\/agora.xtec.cat\/escolamestralvilanova\/wp-json\/wp\/v2\/posts\/7961\/revisions"}],"predecessor-version":[{"id":7964,"href":"https:\/\/agora.xtec.cat\/escolamestralvilanova\/wp-json\/wp\/v2\/posts\/7961\/revisions\/7964"}],"wp:attachment":[{"href":"https:\/\/agora.xtec.cat\/escolamestralvilanova\/wp-json\/wp\/v2\/media?parent=7961"}],"wp:term":[{"taxonomy":"category","embeddable":true,"href":"https:\/\/agora.xtec.cat\/escolamestralvilanova\/wp-json\/wp\/v2\/categories?post=7961"},{"taxonomy":"post_tag","embeddable":true,"href":"https:\/\/agora.xtec.cat\/escolamestralvilanova\/wp-json\/wp\/v2\/tags?post=7961"}],"curies":[{"name":"wp","href":"https:\/\/api.w.org\/{rel}","templated":true}]}}