{"id":7947,"date":"2022-12-21T12:05:16","date_gmt":"2022-12-21T11:05:16","guid":{"rendered":"https:\/\/agora.xtec.cat\/escolamestralvilanova\/?p=7947"},"modified":"2022-12-21T12:05:16","modified_gmt":"2022-12-21T11:05:16","slug":"fem-cagar-el-tio-a-lescola","status":"publish","type":"post","link":"https:\/\/agora.xtec.cat\/escolamestralvilanova\/general\/fem-cagar-el-tio-a-lescola\/","title":{"rendered":"FEM CAGAR EL TI\u00d3 A L&#8217;ESCOLA"},"content":{"rendered":"<p>Avui \u00faltim dia abans de comen\u00e7ar les vacances, tot l&#8217;alumnat hem fet cagar el ti\u00f3 a l&#8217;escola!<\/p>\n<p>Despr\u00e9s tots junts hem esmorzat coca amb xocolata a c\u00e0rrec de l&#8217;AFA.<\/p>\n<p>Moltes gr\u00e0cies i bones festes!<\/p>\n<p><a href=\"https:\/\/photos.app.goo.gl\/fKLwsdrpvA5qxyKn9\">ENLLA\u00c7 A LES FOTOGRAFIES<\/a><\/p>\n<p><a href=\"https:\/\/photos.app.goo.gl\/fKLwsdrpvA5qxyKn9\"><img loading=\"lazy\" decoding=\"async\" class=\"alignnone size-medium wp-image-7948\" src=\"https:\/\/agora.xtec.cat\/escolamestralvilanova\/wp-content\/uploads\/usu729\/2022\/12\/tio-escola-1-300x188.jpg\" alt=\"\" width=\"300\" height=\"188\" srcset=\"https:\/\/agora.xtec.cat\/escolamestralvilanova\/wp-content\/uploads\/usu729\/2022\/12\/tio-escola-1-300x188.jpg 300w, https:\/\/agora.xtec.cat\/escolamestralvilanova\/wp-content\/uploads\/usu729\/2022\/12\/tio-escola-1-1024x641.jpg 1024w, https:\/\/agora.xtec.cat\/escolamestralvilanova\/wp-content\/uploads\/usu729\/2022\/12\/tio-escola-1-768x481.jpg 768w, https:\/\/agora.xtec.cat\/escolamestralvilanova\/wp-content\/uploads\/usu729\/2022\/12\/tio-escola-1.jpg 1091w\" sizes=\"auto, (max-width: 300px) 100vw, 300px\" \/><\/a><\/p>\n","protected":false},"excerpt":{"rendered":"<p>Avui \u00faltim dia abans de comen\u00e7ar les vacances, tot l&#8217;alumnat hem fet cagar el ti\u00f3 a l&#8217;escola!<br \/>\nDespr\u00e9s tots junts hem esmorzat coca amb xocolata a c\u00e0rrec de l&#8217;AFA.<br \/>\nMoltes gr\u00e0cies i bones festes!<br \/>\n<a href=\"https:\/\/photos.app.goo.gl\/fKLwsdrpvA5qxyKn9\">ENLLA\u00c7 A LES FOTOGRAFIES<\/a><br \/>\n<a href=\"https:\/\/photos.app.goo.gl\/fKLwsdrpvA5qxyKn9\"><\/a><\/p>\n","protected":false},"author":1,"featured_media":0,"comment_status":"open","ping_status":"closed","sticky":false,"template":"","format":"standard","meta":{"_bbp_topic_count":0,"_bbp_reply_count":0,"_bbp_total_topic_count":0,"_bbp_total_reply_count":0,"_bbp_voice_count":0,"_bbp_anonymous_reply_count":0,"_bbp_topic_count_hidden":0,"_bbp_reply_count_hidden":0,"_bbp_forum_subforum_count":0,"footnotes":""},"categories":[1,2,4,5],"tags":[],"class_list":["post-7947","post","type-post","status-publish","format-standard","hentry","category-general","category-infantil","category-portada","category-primaria"],"post_mailing_queue_ids":[],"_links":{"self":[{"href":"https:\/\/agora.xtec.cat\/escolamestralvilanova\/wp-json\/wp\/v2\/posts\/7947","targetHints":{"allow":["GET"]}}],"collection":[{"href":"https:\/\/agora.xtec.cat\/escolamestralvilanova\/wp-json\/wp\/v2\/posts"}],"about":[{"href":"https:\/\/agora.xtec.cat\/escolamestralvilanova\/wp-json\/wp\/v2\/types\/post"}],"author":[{"embeddable":true,"href":"https:\/\/agora.xtec.cat\/escolamestralvilanova\/wp-json\/wp\/v2\/users\/1"}],"replies":[{"embeddable":true,"href":"https:\/\/agora.xtec.cat\/escolamestralvilanova\/wp-json\/wp\/v2\/comments?post=7947"}],"version-history":[{"count":1,"href":"https:\/\/agora.xtec.cat\/escolamestralvilanova\/wp-json\/wp\/v2\/posts\/7947\/revisions"}],"predecessor-version":[{"id":7949,"href":"https:\/\/agora.xtec.cat\/escolamestralvilanova\/wp-json\/wp\/v2\/posts\/7947\/revisions\/7949"}],"wp:attachment":[{"href":"https:\/\/agora.xtec.cat\/escolamestralvilanova\/wp-json\/wp\/v2\/media?parent=7947"}],"wp:term":[{"taxonomy":"category","embeddable":true,"href":"https:\/\/agora.xtec.cat\/escolamestralvilanova\/wp-json\/wp\/v2\/categories?post=7947"},{"taxonomy":"post_tag","embeddable":true,"href":"https:\/\/agora.xtec.cat\/escolamestralvilanova\/wp-json\/wp\/v2\/tags?post=7947"}],"curies":[{"name":"wp","href":"https:\/\/api.w.org\/{rel}","templated":true}]}}