{"id":7940,"date":"2022-12-21T09:50:55","date_gmt":"2022-12-21T08:50:55","guid":{"rendered":"https:\/\/agora.xtec.cat\/escolamestralvilanova\/?p=7940"},"modified":"2022-12-21T09:50:59","modified_gmt":"2022-12-21T08:50:59","slug":"projecte-familia","status":"publish","type":"post","link":"https:\/\/agora.xtec.cat\/escolamestralvilanova\/general\/projecte-familia\/","title":{"rendered":"PROJECTE FAM\u00cdLIA"},"content":{"rendered":"<p dir=\"auto\">Durant el primer trimestre, a l&#8217;aula d&#8217;EI4 i EI5 vam iniciar el projecte La Fam\u00edlia.<\/p>\n<p dir=\"auto\">Aquest, continuar\u00e0 les primeres setmanes del proper trimestre ja que la varietat de temes que ens van sorgint no han fet possible tancar-lo ara.<\/p>\n<p dir=\"auto\">En el seg\u00fcent enlla\u00e7 hi podreu veure algunes de les activitats que hi hem anat desenvolupant i que hem gaudit molt. Moltes gr\u00e0cies per la vostra col\u2022laboraci\u00f3!<\/p>\n<div dir=\"auto\"><\/div>\n<ul>\n<li dir=\"auto\"><a href=\"https:\/\/photos.app.goo.gl\/srMuRfhq5ncBk6ebA\">ENLLA\u00c7 A LES FOTOGRAFIES<\/a><\/li>\n<\/ul>\n<div dir=\"auto\"><\/div>\n<div dir=\"auto\"><a href=\"https:\/\/photos.app.goo.gl\/srMuRfhq5ncBk6ebA\"><img loading=\"lazy\" decoding=\"async\" class=\"alignnone size-medium wp-image-7942\" src=\"https:\/\/agora.xtec.cat\/escolamestralvilanova\/wp-content\/uploads\/usu729\/2022\/12\/fotos-nuriua-300x184.jpg\" alt=\"\" width=\"300\" height=\"184\" srcset=\"https:\/\/agora.xtec.cat\/escolamestralvilanova\/wp-content\/uploads\/usu729\/2022\/12\/fotos-nuriua-300x184.jpg 300w, https:\/\/agora.xtec.cat\/escolamestralvilanova\/wp-content\/uploads\/usu729\/2022\/12\/fotos-nuriua-1024x627.jpg 1024w, https:\/\/agora.xtec.cat\/escolamestralvilanova\/wp-content\/uploads\/usu729\/2022\/12\/fotos-nuriua-768x470.jpg 768w, https:\/\/agora.xtec.cat\/escolamestralvilanova\/wp-content\/uploads\/usu729\/2022\/12\/fotos-nuriua.jpg 1165w\" sizes=\"auto, (max-width: 300px) 100vw, 300px\" \/><\/a><\/div>\n<div dir=\"auto\"><\/div>\n<div dir=\"auto\"><\/div>\n<div dir=\"auto\"><\/div>\n","protected":false},"excerpt":{"rendered":"<p>Durant el primer trimestre, a l&#8217;aula d&#8217;EI4 i EI5 vam iniciar el projecte La Fam\u00edlia.<br \/>\nAquest, continuar\u00e0 les primeres setmanes del proper trimestre ja que la varietat de temes que ens van sorgint no han fet possible tancar-lo ara.<br \/>\nEn el seg\u00fcent enlla\u00e7 hi podreu veure algunes&hellip;  <a href=\"https:\/\/agora.xtec.cat\/escolamestralvilanova\/general\/projecte-familia\/\" title=\"Read PROJECTE FAM\u00cdLIA\">Llegeix m\u00e9s\u00bb<\/a><\/p>\n","protected":false},"author":1,"featured_media":0,"comment_status":"open","ping_status":"closed","sticky":false,"template":"","format":"standard","meta":{"_bbp_topic_count":0,"_bbp_reply_count":0,"_bbp_total_topic_count":0,"_bbp_total_reply_count":0,"_bbp_voice_count":0,"_bbp_anonymous_reply_count":0,"_bbp_topic_count_hidden":0,"_bbp_reply_count_hidden":0,"_bbp_forum_subforum_count":0,"footnotes":""},"categories":[3,1,2,4],"tags":[],"class_list":["post-7940","post","type-post","status-publish","format-standard","hentry","category-ei3-ei4-ei5","category-general","category-infantil","category-portada"],"post_mailing_queue_ids":[],"_links":{"self":[{"href":"https:\/\/agora.xtec.cat\/escolamestralvilanova\/wp-json\/wp\/v2\/posts\/7940","targetHints":{"allow":["GET"]}}],"collection":[{"href":"https:\/\/agora.xtec.cat\/escolamestralvilanova\/wp-json\/wp\/v2\/posts"}],"about":[{"href":"https:\/\/agora.xtec.cat\/escolamestralvilanova\/wp-json\/wp\/v2\/types\/post"}],"author":[{"embeddable":true,"href":"https:\/\/agora.xtec.cat\/escolamestralvilanova\/wp-json\/wp\/v2\/users\/1"}],"replies":[{"embeddable":true,"href":"https:\/\/agora.xtec.cat\/escolamestralvilanova\/wp-json\/wp\/v2\/comments?post=7940"}],"version-history":[{"count":1,"href":"https:\/\/agora.xtec.cat\/escolamestralvilanova\/wp-json\/wp\/v2\/posts\/7940\/revisions"}],"predecessor-version":[{"id":7943,"href":"https:\/\/agora.xtec.cat\/escolamestralvilanova\/wp-json\/wp\/v2\/posts\/7940\/revisions\/7943"}],"wp:attachment":[{"href":"https:\/\/agora.xtec.cat\/escolamestralvilanova\/wp-json\/wp\/v2\/media?parent=7940"}],"wp:term":[{"taxonomy":"category","embeddable":true,"href":"https:\/\/agora.xtec.cat\/escolamestralvilanova\/wp-json\/wp\/v2\/categories?post=7940"},{"taxonomy":"post_tag","embeddable":true,"href":"https:\/\/agora.xtec.cat\/escolamestralvilanova\/wp-json\/wp\/v2\/tags?post=7940"}],"curies":[{"name":"wp","href":"https:\/\/api.w.org\/{rel}","templated":true}]}}