{"id":7914,"date":"2022-12-20T12:30:34","date_gmt":"2022-12-20T11:30:34","guid":{"rendered":"https:\/\/agora.xtec.cat\/escolamestralvilanova\/?p=7914"},"modified":"2022-12-21T07:29:40","modified_gmt":"2022-12-21T06:29:40","slug":"nadales-a-lesglesia","status":"publish","type":"post","link":"https:\/\/agora.xtec.cat\/escolamestralvilanova\/general\/nadales-a-lesglesia\/","title":{"rendered":"NADALES A L&#8217;ESGL\u00c9SIA"},"content":{"rendered":"<p>Tal i com dicta la tradici\u00f3, aquest any ha estat possible tornar a cantar les nadales a l&#8217;esgl\u00e9sia de Vilanova de la Barca!<\/p>\n<p>Abans, hem aprofitat per anar a la b\u00fastia de l&#8217;ajuntament a dipositar les cartes dirigides a Ses majestats els Reis d&#8217;Orient. L&#8217;alumnat ha demanat materials i diferents jocs per a l&#8217;escola!<\/p>\n<p>Moltes gr\u00e0cies i esperem que us agradin!<\/p>\n<ul>\n<li><a href=\"https:\/\/photos.app.goo.gl\/zGkpNUzBJSQtzmgm8\">ENLLA\u00c7 A LES FOTOGRAFIES<\/a><\/li>\n<li><a href=\"https:\/\/drive.google.com\/file\/d\/1qkkuEFaWz2QBxitde7-P4Cas51f4BMYj\/view?usp=sharing\">V\u00cdDEO DE LES NADALES<\/a>\u00a0 <img loading=\"lazy\" decoding=\"async\" class=\"alignnone wp-image-7933\" src=\"https:\/\/agora.xtec.cat\/escolamestralvilanova\/wp-content\/uploads\/usu729\/2022\/12\/NOU_Inc-300x223.png\" alt=\"\" width=\"47\" height=\"35\" srcset=\"https:\/\/agora.xtec.cat\/escolamestralvilanova\/wp-content\/uploads\/usu729\/2022\/12\/NOU_Inc-300x223.png 300w, https:\/\/agora.xtec.cat\/escolamestralvilanova\/wp-content\/uploads\/usu729\/2022\/12\/NOU_Inc-768x570.png 768w, https:\/\/agora.xtec.cat\/escolamestralvilanova\/wp-content\/uploads\/usu729\/2022\/12\/NOU_Inc-200x150.png 200w, https:\/\/agora.xtec.cat\/escolamestralvilanova\/wp-content\/uploads\/usu729\/2022\/12\/NOU_Inc.png 900w\" sizes=\"auto, (max-width: 47px) 100vw, 47px\" \/><\/li>\n<\/ul>\n<p><a href=\"https:\/\/drive.google.com\/file\/d\/1qkkuEFaWz2QBxitde7-P4Cas51f4BMYj\/view?usp=sharing\"><img loading=\"lazy\" decoding=\"async\" class=\"alignnone size-medium wp-image-7937\" src=\"https:\/\/agora.xtec.cat\/escolamestralvilanova\/wp-content\/uploads\/usu729\/2022\/12\/Captura-de-Pantalla-2022-12-21-a-les-7.28.11-300x167.png\" alt=\"\" width=\"300\" height=\"167\" srcset=\"https:\/\/agora.xtec.cat\/escolamestralvilanova\/wp-content\/uploads\/usu729\/2022\/12\/Captura-de-Pantalla-2022-12-21-a-les-7.28.11-300x167.png 300w, https:\/\/agora.xtec.cat\/escolamestralvilanova\/wp-content\/uploads\/usu729\/2022\/12\/Captura-de-Pantalla-2022-12-21-a-les-7.28.11-768x426.png 768w, https:\/\/agora.xtec.cat\/escolamestralvilanova\/wp-content\/uploads\/usu729\/2022\/12\/Captura-de-Pantalla-2022-12-21-a-les-7.28.11.png 1000w\" sizes=\"auto, (max-width: 300px) 100vw, 300px\" \/><\/a><\/p>\n","protected":false},"excerpt":{"rendered":"<p>Tal i com dicta la tradici\u00f3, aquest any ha estat possible tornar a cantar les nadales a l&#8217;esgl\u00e9sia de Vilanova de la Barca!<br \/>\nAbans, hem aprofitat per anar a la b\u00fastia de l&#8217;ajuntament a dipositar les cartes dirigides a Ses majestats els Reis d&#8217;Orient. L&#8217;alumnat ha&hellip;  <a href=\"https:\/\/agora.xtec.cat\/escolamestralvilanova\/general\/nadales-a-lesglesia\/\" title=\"Read NADALES A L&#8217;ESGL\u00c9SIA\">Llegeix m\u00e9s\u00bb<\/a><\/p>\n","protected":false},"author":1,"featured_media":0,"comment_status":"open","ping_status":"closed","sticky":false,"template":"","format":"standard","meta":{"_bbp_topic_count":0,"_bbp_reply_count":0,"_bbp_total_topic_count":0,"_bbp_total_reply_count":0,"_bbp_voice_count":0,"_bbp_anonymous_reply_count":0,"_bbp_topic_count_hidden":0,"_bbp_reply_count_hidden":0,"_bbp_forum_subforum_count":0,"footnotes":""},"categories":[1,2,4,5],"tags":[],"class_list":["post-7914","post","type-post","status-publish","format-standard","hentry","category-general","category-infantil","category-portada","category-primaria"],"post_mailing_queue_ids":[],"_links":{"self":[{"href":"https:\/\/agora.xtec.cat\/escolamestralvilanova\/wp-json\/wp\/v2\/posts\/7914","targetHints":{"allow":["GET"]}}],"collection":[{"href":"https:\/\/agora.xtec.cat\/escolamestralvilanova\/wp-json\/wp\/v2\/posts"}],"about":[{"href":"https:\/\/agora.xtec.cat\/escolamestralvilanova\/wp-json\/wp\/v2\/types\/post"}],"author":[{"embeddable":true,"href":"https:\/\/agora.xtec.cat\/escolamestralvilanova\/wp-json\/wp\/v2\/users\/1"}],"replies":[{"embeddable":true,"href":"https:\/\/agora.xtec.cat\/escolamestralvilanova\/wp-json\/wp\/v2\/comments?post=7914"}],"version-history":[{"count":3,"href":"https:\/\/agora.xtec.cat\/escolamestralvilanova\/wp-json\/wp\/v2\/posts\/7914\/revisions"}],"predecessor-version":[{"id":7939,"href":"https:\/\/agora.xtec.cat\/escolamestralvilanova\/wp-json\/wp\/v2\/posts\/7914\/revisions\/7939"}],"wp:attachment":[{"href":"https:\/\/agora.xtec.cat\/escolamestralvilanova\/wp-json\/wp\/v2\/media?parent=7914"}],"wp:term":[{"taxonomy":"category","embeddable":true,"href":"https:\/\/agora.xtec.cat\/escolamestralvilanova\/wp-json\/wp\/v2\/categories?post=7914"},{"taxonomy":"post_tag","embeddable":true,"href":"https:\/\/agora.xtec.cat\/escolamestralvilanova\/wp-json\/wp\/v2\/tags?post=7914"}],"curies":[{"name":"wp","href":"https:\/\/api.w.org\/{rel}","templated":true}]}}