{"id":7894,"date":"2022-12-19T12:52:04","date_gmt":"2022-12-19T11:52:04","guid":{"rendered":"https:\/\/agora.xtec.cat\/escolamestralvilanova\/?p=7894"},"modified":"2022-12-19T12:52:04","modified_gmt":"2022-12-19T11:52:04","slug":"protagonista-i-aniversari-a-lescoleta","status":"publish","type":"post","link":"https:\/\/agora.xtec.cat\/escolamestralvilanova\/infantil\/protagonista-i-aniversari-a-lescoleta\/","title":{"rendered":"PROTAGONISTA I ANIVERSARI A L&#8217;ESCOLETA"},"content":{"rendered":"<p dir=\"auto\">Fam\u00edlies!<\/p>\n<p dir=\"auto\">Avui hem tingut doble celebraci\u00f3 a l&#8217;Escoleta:<\/p>\n<p dir=\"auto\">&#8211; El Protagonista del Joan. L&#8217;Elena, la seva mare, ens ha explicat i regalat el conte de la Rateta. Ens ho hem passat molt b\u00e9 amb els titelles. Gr\u00e0cies, fam\u00edlia!<\/p>\n<p dir=\"auto\">&#8211;\u00a0 L&#8217;aniversari de la Mireia, que dissabte va fer 1 anyet. Gr\u00e0cies pel past\u00eds i per molts anys!<\/p>\n<div dir=\"auto\"><\/div>\n<ul>\n<li dir=\"auto\"><a href=\"https:\/\/photos.app.goo.gl\/WAAZTpA7npYZs9Ky8\">ENLLA\u00c7 A LES FOTOGRAFIES<\/a><\/li>\n<\/ul>\n<div dir=\"auto\"><a href=\"https:\/\/photos.app.goo.gl\/WAAZTpA7npYZs9Ky8\"><img loading=\"lazy\" decoding=\"async\" class=\"alignnone size-medium wp-image-7895\" src=\"https:\/\/agora.xtec.cat\/escolamestralvilanova\/wp-content\/uploads\/usu729\/2022\/12\/protagonista-19-del-12-300x175.jpg\" alt=\"\" width=\"300\" height=\"175\" srcset=\"https:\/\/agora.xtec.cat\/escolamestralvilanova\/wp-content\/uploads\/usu729\/2022\/12\/protagonista-19-del-12-300x175.jpg 300w, https:\/\/agora.xtec.cat\/escolamestralvilanova\/wp-content\/uploads\/usu729\/2022\/12\/protagonista-19-del-12-768x449.jpg 768w, https:\/\/agora.xtec.cat\/escolamestralvilanova\/wp-content\/uploads\/usu729\/2022\/12\/protagonista-19-del-12.jpg 949w\" sizes=\"auto, (max-width: 300px) 100vw, 300px\" \/><\/a><\/div>\n","protected":false},"excerpt":{"rendered":"<p>Fam\u00edlies!<br \/>\nAvui hem tingut doble celebraci\u00f3 a l&#8217;Escoleta:<br \/>\n&#8211; El Protagonista del Joan. L&#8217;Elena, la seva mare, ens ha explicat i regalat el conte de la Rateta. Ens ho hem passat molt b\u00e9 amb els titelles. Gr\u00e0cies, fam\u00edlia!<br \/>\n&#8211;\u00a0 L&#8217;aniversari de la Mireia, que dissabte va fer 1&hellip;  <a href=\"https:\/\/agora.xtec.cat\/escolamestralvilanova\/infantil\/protagonista-i-aniversari-a-lescoleta\/\" title=\"Read PROTAGONISTA I ANIVERSARI A L&#8217;ESCOLETA\">Llegeix m\u00e9s\u00bb<\/a><\/p>\n","protected":false},"author":1,"featured_media":0,"comment_status":"open","ping_status":"closed","sticky":false,"template":"","format":"standard","meta":{"_bbp_topic_count":0,"_bbp_reply_count":0,"_bbp_total_topic_count":0,"_bbp_total_reply_count":0,"_bbp_voice_count":0,"_bbp_anonymous_reply_count":0,"_bbp_topic_count_hidden":0,"_bbp_reply_count_hidden":0,"_bbp_forum_subforum_count":0,"footnotes":""},"categories":[3,14,59,2,4],"tags":[],"class_list":["post-7894","post","type-post","status-publish","format-standard","hentry","category-ei3-ei4-ei5","category-ei1-ei2","category-primer-cicle-ed-infantil","category-infantil","category-portada"],"post_mailing_queue_ids":[],"_links":{"self":[{"href":"https:\/\/agora.xtec.cat\/escolamestralvilanova\/wp-json\/wp\/v2\/posts\/7894","targetHints":{"allow":["GET"]}}],"collection":[{"href":"https:\/\/agora.xtec.cat\/escolamestralvilanova\/wp-json\/wp\/v2\/posts"}],"about":[{"href":"https:\/\/agora.xtec.cat\/escolamestralvilanova\/wp-json\/wp\/v2\/types\/post"}],"author":[{"embeddable":true,"href":"https:\/\/agora.xtec.cat\/escolamestralvilanova\/wp-json\/wp\/v2\/users\/1"}],"replies":[{"embeddable":true,"href":"https:\/\/agora.xtec.cat\/escolamestralvilanova\/wp-json\/wp\/v2\/comments?post=7894"}],"version-history":[{"count":1,"href":"https:\/\/agora.xtec.cat\/escolamestralvilanova\/wp-json\/wp\/v2\/posts\/7894\/revisions"}],"predecessor-version":[{"id":7896,"href":"https:\/\/agora.xtec.cat\/escolamestralvilanova\/wp-json\/wp\/v2\/posts\/7894\/revisions\/7896"}],"wp:attachment":[{"href":"https:\/\/agora.xtec.cat\/escolamestralvilanova\/wp-json\/wp\/v2\/media?parent=7894"}],"wp:term":[{"taxonomy":"category","embeddable":true,"href":"https:\/\/agora.xtec.cat\/escolamestralvilanova\/wp-json\/wp\/v2\/categories?post=7894"},{"taxonomy":"post_tag","embeddable":true,"href":"https:\/\/agora.xtec.cat\/escolamestralvilanova\/wp-json\/wp\/v2\/tags?post=7894"}],"curies":[{"name":"wp","href":"https:\/\/api.w.org\/{rel}","templated":true}]}}