{"id":7888,"date":"2022-12-15T17:07:49","date_gmt":"2022-12-15T16:07:49","guid":{"rendered":"https:\/\/agora.xtec.cat\/escolamestralvilanova\/?p=7888"},"modified":"2022-12-15T17:07:49","modified_gmt":"2022-12-15T16:07:49","slug":"festa-de-lhivern","status":"publish","type":"post","link":"https:\/\/agora.xtec.cat\/escolamestralvilanova\/infantil\/festa-de-lhivern\/","title":{"rendered":"FESTA DE L&#8217;HIVERN"},"content":{"rendered":"<p style=\"font-weight: 400;\">Us recordem que la\u00a0<strong>Festa de l&#8217;hivern<\/strong>\u00a0es dur\u00e0 a terme dem\u00e0,\u00a0<strong>divendres 16 de desembre,\u00a0<\/strong>a les\u00a0<strong>15:30 hores,<\/strong>\u00a0al poliesportiu del poble.<\/p>\n<p style=\"font-weight: 400;\">Tots i totes hem estat assajant for\u00e7a durant els darrers dies per tal que la Festa sigui un \u00e8xit, aquesta, sota el t\u00edtol de \u201c<em>Charlie i la f\u00e1brica de xocotala<\/em>\u201d girar\u00e0 entorn les hist\u00f2ries narrades al llibre.<\/p>\n<p style=\"font-weight: 400;\">Esperem la vostra assist\u00e8ncia!<\/p>\n<p><a href=\"https:\/\/agora.xtec.cat\/escolamestralvilanova\/wp-content\/uploads\/usu729\/2022\/12\/CARTELL-Charlie.png\"><img loading=\"lazy\" decoding=\"async\" class=\"alignnone wp-image-7889 size-medium\" src=\"https:\/\/agora.xtec.cat\/escolamestralvilanova\/wp-content\/uploads\/usu729\/2022\/12\/CARTELL-Charlie-300x200.png\" alt=\"\" width=\"300\" height=\"200\" srcset=\"https:\/\/agora.xtec.cat\/escolamestralvilanova\/wp-content\/uploads\/usu729\/2022\/12\/CARTELL-Charlie-300x200.png 300w, https:\/\/agora.xtec.cat\/escolamestralvilanova\/wp-content\/uploads\/usu729\/2022\/12\/CARTELL-Charlie-1024x682.png 1024w, https:\/\/agora.xtec.cat\/escolamestralvilanova\/wp-content\/uploads\/usu729\/2022\/12\/CARTELL-Charlie-768x512.png 768w, https:\/\/agora.xtec.cat\/escolamestralvilanova\/wp-content\/uploads\/usu729\/2022\/12\/CARTELL-Charlie-1536x1024.png 1536w, https:\/\/agora.xtec.cat\/escolamestralvilanova\/wp-content\/uploads\/usu729\/2022\/12\/CARTELL-Charlie.png 1772w\" sizes=\"auto, (max-width: 300px) 100vw, 300px\" \/><\/a><\/p>\n","protected":false},"excerpt":{"rendered":"<p>Us recordem que la\u00a0Festa de l&#8217;hivern\u00a0es dur\u00e0 a terme dem\u00e0,\u00a0divendres 16 de desembre,\u00a0a les\u00a015:30 hores,\u00a0al poliesportiu del poble.<br \/>\nTots i totes hem estat assajant for\u00e7a durant els darrers dies per tal que la Festa sigui un \u00e8xit, aquesta, sota el t\u00edtol de \u201cCharlie i la f\u00e1brica&hellip;  <a href=\"https:\/\/agora.xtec.cat\/escolamestralvilanova\/infantil\/festa-de-lhivern\/\" title=\"Read FESTA DE L&#8217;HIVERN\">Llegeix m\u00e9s\u00bb<\/a><\/p>\n","protected":false},"author":1,"featured_media":0,"comment_status":"open","ping_status":"closed","sticky":false,"template":"","format":"standard","meta":{"_bbp_topic_count":0,"_bbp_reply_count":0,"_bbp_total_topic_count":0,"_bbp_total_reply_count":0,"_bbp_voice_count":0,"_bbp_anonymous_reply_count":0,"_bbp_topic_count_hidden":0,"_bbp_reply_count_hidden":0,"_bbp_forum_subforum_count":0,"footnotes":""},"categories":[2,4,5],"tags":[],"class_list":["post-7888","post","type-post","status-publish","format-standard","hentry","category-infantil","category-portada","category-primaria"],"post_mailing_queue_ids":[],"_links":{"self":[{"href":"https:\/\/agora.xtec.cat\/escolamestralvilanova\/wp-json\/wp\/v2\/posts\/7888","targetHints":{"allow":["GET"]}}],"collection":[{"href":"https:\/\/agora.xtec.cat\/escolamestralvilanova\/wp-json\/wp\/v2\/posts"}],"about":[{"href":"https:\/\/agora.xtec.cat\/escolamestralvilanova\/wp-json\/wp\/v2\/types\/post"}],"author":[{"embeddable":true,"href":"https:\/\/agora.xtec.cat\/escolamestralvilanova\/wp-json\/wp\/v2\/users\/1"}],"replies":[{"embeddable":true,"href":"https:\/\/agora.xtec.cat\/escolamestralvilanova\/wp-json\/wp\/v2\/comments?post=7888"}],"version-history":[{"count":1,"href":"https:\/\/agora.xtec.cat\/escolamestralvilanova\/wp-json\/wp\/v2\/posts\/7888\/revisions"}],"predecessor-version":[{"id":7890,"href":"https:\/\/agora.xtec.cat\/escolamestralvilanova\/wp-json\/wp\/v2\/posts\/7888\/revisions\/7890"}],"wp:attachment":[{"href":"https:\/\/agora.xtec.cat\/escolamestralvilanova\/wp-json\/wp\/v2\/media?parent=7888"}],"wp:term":[{"taxonomy":"category","embeddable":true,"href":"https:\/\/agora.xtec.cat\/escolamestralvilanova\/wp-json\/wp\/v2\/categories?post=7888"},{"taxonomy":"post_tag","embeddable":true,"href":"https:\/\/agora.xtec.cat\/escolamestralvilanova\/wp-json\/wp\/v2\/tags?post=7888"}],"curies":[{"name":"wp","href":"https:\/\/api.w.org\/{rel}","templated":true}]}}