{"id":7878,"date":"2022-12-14T13:08:46","date_gmt":"2022-12-14T12:08:46","guid":{"rendered":"https:\/\/agora.xtec.cat\/escolamestralvilanova\/?p=7878"},"modified":"2022-12-14T13:09:07","modified_gmt":"2022-12-14T12:09:07","slug":"el-tio-ha-arribat-a-lescoleta","status":"publish","type":"post","link":"https:\/\/agora.xtec.cat\/escolamestralvilanova\/general\/el-tio-ha-arribat-a-lescoleta\/","title":{"rendered":"EL TI\u00d3 HA ARRIBAT A L&#8217;ESCOLETA!"},"content":{"rendered":"<p dir=\"auto\">Fam\u00edlies, avui ha arribat el Ti\u00f3 a l&#8217;Escoleta!!!<\/p>\n<p dir=\"auto\">Els infants d&#8217;EI1, EI2 i EI3 hem sentit el timbre i hem trobat una capseta a la porta. A dins, hi havia una carta, que ens deia que hav\u00edem de seguir el rastre d&#8217; un fil&#8230;<\/p>\n<p dir=\"auto\">I seguint- lo&#8230;hem trobat al Ti\u00f3 !!!<\/p>\n<p dir=\"auto\">A partir de dem\u00e0, li podrem portar peles de mandarina, galetes, bombons&#8230; perqu\u00e8 t\u00e9 molta gana&#8230;<\/p>\n<div dir=\"auto\"><\/div>\n<ul>\n<li dir=\"auto\"><a href=\"https:\/\/photos.app.goo.gl\/JQwimBi2PCiXqp8j6\">ENLLA\u00c7 A LES FOTOGRAFIES<\/a><\/li>\n<\/ul>\n<div dir=\"auto\"><\/div>\n<div dir=\"auto\"><a href=\"https:\/\/photos.app.goo.gl\/JQwimBi2PCiXqp8j6\"><img loading=\"lazy\" decoding=\"async\" class=\"alignnone size-medium wp-image-7880\" src=\"https:\/\/agora.xtec.cat\/escolamestralvilanova\/wp-content\/uploads\/usu729\/2022\/12\/tio-escoleta-1-300x135.jpg\" alt=\"\" width=\"300\" height=\"135\" srcset=\"https:\/\/agora.xtec.cat\/escolamestralvilanova\/wp-content\/uploads\/usu729\/2022\/12\/tio-escoleta-1-300x135.jpg 300w, https:\/\/agora.xtec.cat\/escolamestralvilanova\/wp-content\/uploads\/usu729\/2022\/12\/tio-escoleta-1-1024x460.jpg 1024w, https:\/\/agora.xtec.cat\/escolamestralvilanova\/wp-content\/uploads\/usu729\/2022\/12\/tio-escoleta-1-768x345.jpg 768w, https:\/\/agora.xtec.cat\/escolamestralvilanova\/wp-content\/uploads\/usu729\/2022\/12\/tio-escoleta-1-1536x691.jpg 1536w, https:\/\/agora.xtec.cat\/escolamestralvilanova\/wp-content\/uploads\/usu729\/2022\/12\/tio-escoleta-1-2048x921.jpg 2048w\" sizes=\"auto, (max-width: 300px) 100vw, 300px\" \/><\/a><\/div>\n","protected":false},"excerpt":{"rendered":"<p>Fam\u00edlies, avui ha arribat el Ti\u00f3 a l&#8217;Escoleta!!!<br \/>\nEls infants d&#8217;EI1, EI2 i EI3 hem sentit el timbre i hem trobat una capseta a la porta. A dins, hi havia una carta, que ens deia que hav\u00edem de seguir el rastre d&#8217; un fil&#8230;<br \/>\nI seguint- lo&#8230;hem&hellip;  <a href=\"https:\/\/agora.xtec.cat\/escolamestralvilanova\/general\/el-tio-ha-arribat-a-lescoleta\/\" title=\"Read EL TI\u00d3 HA ARRIBAT A L&#8217;ESCOLETA!\">Llegeix m\u00e9s\u00bb<\/a><\/p>\n","protected":false},"author":1,"featured_media":0,"comment_status":"closed","ping_status":"closed","sticky":false,"template":"","format":"standard","meta":{"_bbp_topic_count":0,"_bbp_reply_count":0,"_bbp_total_topic_count":0,"_bbp_total_reply_count":0,"_bbp_voice_count":0,"_bbp_anonymous_reply_count":0,"_bbp_topic_count_hidden":0,"_bbp_reply_count_hidden":0,"_bbp_forum_subforum_count":0,"footnotes":""},"categories":[3,14,59,1,2,4],"tags":[],"class_list":["post-7878","post","type-post","status-publish","format-standard","hentry","category-ei3-ei4-ei5","category-ei1-ei2","category-primer-cicle-ed-infantil","category-general","category-infantil","category-portada"],"post_mailing_queue_ids":[],"_links":{"self":[{"href":"https:\/\/agora.xtec.cat\/escolamestralvilanova\/wp-json\/wp\/v2\/posts\/7878","targetHints":{"allow":["GET"]}}],"collection":[{"href":"https:\/\/agora.xtec.cat\/escolamestralvilanova\/wp-json\/wp\/v2\/posts"}],"about":[{"href":"https:\/\/agora.xtec.cat\/escolamestralvilanova\/wp-json\/wp\/v2\/types\/post"}],"author":[{"embeddable":true,"href":"https:\/\/agora.xtec.cat\/escolamestralvilanova\/wp-json\/wp\/v2\/users\/1"}],"replies":[{"embeddable":true,"href":"https:\/\/agora.xtec.cat\/escolamestralvilanova\/wp-json\/wp\/v2\/comments?post=7878"}],"version-history":[{"count":2,"href":"https:\/\/agora.xtec.cat\/escolamestralvilanova\/wp-json\/wp\/v2\/posts\/7878\/revisions"}],"predecessor-version":[{"id":7882,"href":"https:\/\/agora.xtec.cat\/escolamestralvilanova\/wp-json\/wp\/v2\/posts\/7878\/revisions\/7882"}],"wp:attachment":[{"href":"https:\/\/agora.xtec.cat\/escolamestralvilanova\/wp-json\/wp\/v2\/media?parent=7878"}],"wp:term":[{"taxonomy":"category","embeddable":true,"href":"https:\/\/agora.xtec.cat\/escolamestralvilanova\/wp-json\/wp\/v2\/categories?post=7878"},{"taxonomy":"post_tag","embeddable":true,"href":"https:\/\/agora.xtec.cat\/escolamestralvilanova\/wp-json\/wp\/v2\/tags?post=7878"}],"curies":[{"name":"wp","href":"https:\/\/api.w.org\/{rel}","templated":true}]}}