{"id":7863,"date":"2022-12-12T12:35:21","date_gmt":"2022-12-12T11:35:21","guid":{"rendered":"https:\/\/agora.xtec.cat\/escolamestralvilanova\/?p=7863"},"modified":"2022-12-12T12:35:55","modified_gmt":"2022-12-12T11:35:55","slug":"compartim-articles-cientifics","status":"publish","type":"post","link":"https:\/\/agora.xtec.cat\/escolamestralvilanova\/general\/compartim-articles-cientifics\/","title":{"rendered":"COMPARTIM ARTICLES CIENT\u00cdFICS"},"content":{"rendered":"<p>Aquesta setmana els infantils de CM han presentat els textos del Cavall Fort que hem llegit a casa.<\/p>\n<p>Aquests articles formen part del centre d&#8217;inter\u00e8s que estem treballant a l&#8217;aula: &#8220;Els \u00e9ssers vius i els seus h\u00e0bitats&#8221;.<\/p>\n<p>L&#8217;experi\u00e8ncia ha estat molt satisfact\u00f2ria!<\/p>\n<ul>\n<li><a href=\"https:\/\/photos.app.goo.gl\/7dL8dAadSMVRNaxF8\">ENLLA\u00c7 A LES FOTOGRAFIES<\/a><\/li>\n<\/ul>\n<p><a href=\"https:\/\/photos.app.goo.gl\/7dL8dAadSMVRNaxF8\"><img loading=\"lazy\" decoding=\"async\" class=\"alignnone size-medium wp-image-7864\" src=\"https:\/\/agora.xtec.cat\/escolamestralvilanova\/wp-content\/uploads\/usu729\/2022\/12\/foto-cientifics-300x192.jpg\" alt=\"\" width=\"300\" height=\"192\" srcset=\"https:\/\/agora.xtec.cat\/escolamestralvilanova\/wp-content\/uploads\/usu729\/2022\/12\/foto-cientifics-300x192.jpg 300w, https:\/\/agora.xtec.cat\/escolamestralvilanova\/wp-content\/uploads\/usu729\/2022\/12\/foto-cientifics-1024x656.jpg 1024w, https:\/\/agora.xtec.cat\/escolamestralvilanova\/wp-content\/uploads\/usu729\/2022\/12\/foto-cientifics-768x492.jpg 768w, https:\/\/agora.xtec.cat\/escolamestralvilanova\/wp-content\/uploads\/usu729\/2022\/12\/foto-cientifics-1536x984.jpg 1536w, https:\/\/agora.xtec.cat\/escolamestralvilanova\/wp-content\/uploads\/usu729\/2022\/12\/foto-cientifics.jpg 1999w\" sizes=\"auto, (max-width: 300px) 100vw, 300px\" \/><\/a><\/p>\n","protected":false},"excerpt":{"rendered":"<p>Aquesta setmana els infantils de CM han presentat els textos del Cavall Fort que hem llegit a casa.<br \/>\nAquests articles formen part del centre d&#8217;inter\u00e8s que estem treballant a l&#8217;aula: &#8220;Els \u00e9ssers vius i els seus h\u00e0bitats&#8221;.<br \/>\nL&#8217;experi\u00e8ncia ha estat molt satisfact\u00f2ria!<\/p>\n<ul>\n<li><a href=\"https:\/\/photos.app.goo.gl\/7dL8dAadSMVRNaxF8\">ENLLA\u00c7 A LES FOTOGRAFIES<\/a><\/li>\n<\/ul>\n<p><a href=\"https:\/\/photos.app.goo.gl\/7dL8dAadSMVRNaxF8\"><\/a><\/p>\n","protected":false},"author":1,"featured_media":0,"comment_status":"open","ping_status":"closed","sticky":false,"template":"","format":"standard","meta":{"_bbp_topic_count":0,"_bbp_reply_count":0,"_bbp_total_topic_count":0,"_bbp_total_reply_count":0,"_bbp_voice_count":0,"_bbp_anonymous_reply_count":0,"_bbp_topic_count_hidden":0,"_bbp_reply_count_hidden":0,"_bbp_forum_subforum_count":0,"footnotes":""},"categories":[12,1,4,5],"tags":[],"class_list":["post-7863","post","type-post","status-publish","format-standard","hentry","category-tercer-quart","category-general","category-portada","category-primaria"],"post_mailing_queue_ids":[],"_links":{"self":[{"href":"https:\/\/agora.xtec.cat\/escolamestralvilanova\/wp-json\/wp\/v2\/posts\/7863","targetHints":{"allow":["GET"]}}],"collection":[{"href":"https:\/\/agora.xtec.cat\/escolamestralvilanova\/wp-json\/wp\/v2\/posts"}],"about":[{"href":"https:\/\/agora.xtec.cat\/escolamestralvilanova\/wp-json\/wp\/v2\/types\/post"}],"author":[{"embeddable":true,"href":"https:\/\/agora.xtec.cat\/escolamestralvilanova\/wp-json\/wp\/v2\/users\/1"}],"replies":[{"embeddable":true,"href":"https:\/\/agora.xtec.cat\/escolamestralvilanova\/wp-json\/wp\/v2\/comments?post=7863"}],"version-history":[{"count":1,"href":"https:\/\/agora.xtec.cat\/escolamestralvilanova\/wp-json\/wp\/v2\/posts\/7863\/revisions"}],"predecessor-version":[{"id":7865,"href":"https:\/\/agora.xtec.cat\/escolamestralvilanova\/wp-json\/wp\/v2\/posts\/7863\/revisions\/7865"}],"wp:attachment":[{"href":"https:\/\/agora.xtec.cat\/escolamestralvilanova\/wp-json\/wp\/v2\/media?parent=7863"}],"wp:term":[{"taxonomy":"category","embeddable":true,"href":"https:\/\/agora.xtec.cat\/escolamestralvilanova\/wp-json\/wp\/v2\/categories?post=7863"},{"taxonomy":"post_tag","embeddable":true,"href":"https:\/\/agora.xtec.cat\/escolamestralvilanova\/wp-json\/wp\/v2\/tags?post=7863"}],"curies":[{"name":"wp","href":"https:\/\/api.w.org\/{rel}","templated":true}]}}