{"id":784,"date":"2018-10-20T18:20:58","date_gmt":"2018-10-20T16:20:58","guid":{"rendered":"http:\/\/agora.xtec.cat\/escolamestralvilanova\/?p=784"},"modified":"2019-02-05T20:44:16","modified_gmt":"2019-02-05T19:44:16","slug":"moltes-gracies","status":"publish","type":"post","link":"https:\/\/agora.xtec.cat\/escolamestralvilanova\/general\/moltes-gracies\/","title":{"rendered":"MOLTES GR\u00c0CIES!"},"content":{"rendered":"<p>Realitzada la <em>Jornada de Conviv\u00e8ncia amb les Fam\u00edlies<\/em>, tan sols ens queda dir MOLTES GR\u00c0CIES i agrair la vostra participaci\u00f3 i entrega!<\/p>\n<p>Moltes gr\u00e0cies per tot, entre tots i totes fem ESCOLA!<\/p>\n<ul>\n<li><a href=\"https:\/\/photos.app.goo.gl\/X4n4RA4GQXbZAYrr5\">ENLLA\u00c7 A LES FOTOGRAFIES<\/a><\/li>\n<\/ul>\n<p><a href=\"https:\/\/agora.xtec.cat\/escolamestralvilanova\/wp-content\/uploads\/usu729\/2018\/10\/IMG_6492.jpg\"><img loading=\"lazy\" decoding=\"async\" class=\"alignnone size-medium wp-image-1146\" src=\"https:\/\/agora.xtec.cat\/escolamestralvilanova\/wp-content\/uploads\/usu729\/2018\/10\/IMG_6492-300x225.jpg\" alt=\"\" width=\"300\" height=\"225\" srcset=\"https:\/\/agora.xtec.cat\/escolamestralvilanova\/wp-content\/uploads\/usu729\/2018\/10\/IMG_6492-300x225.jpg 300w, https:\/\/agora.xtec.cat\/escolamestralvilanova\/wp-content\/uploads\/usu729\/2018\/10\/IMG_6492-768x576.jpg 768w, https:\/\/agora.xtec.cat\/escolamestralvilanova\/wp-content\/uploads\/usu729\/2018\/10\/IMG_6492-1024x768.jpg 1024w, https:\/\/agora.xtec.cat\/escolamestralvilanova\/wp-content\/uploads\/usu729\/2018\/10\/IMG_6492-200x150.jpg 200w, https:\/\/agora.xtec.cat\/escolamestralvilanova\/wp-content\/uploads\/usu729\/2018\/10\/IMG_6492.jpg 2000w\" sizes=\"auto, (max-width: 300px) 100vw, 300px\" \/><\/a><\/p>\n","protected":false},"excerpt":{"rendered":"<p>Realitzada la Jornada de Conviv\u00e8ncia amb les Fam\u00edlies, tan sols ens queda dir MOLTES GR\u00c0CIES i agrair la vostra participaci\u00f3 i entrega!<br \/>\nMoltes gr\u00e0cies per tot, entre tots i totes fem ESCOLA!<\/p>\n<ul>\n<li><a href=\"https:\/\/photos.app.goo.gl\/X4n4RA4GQXbZAYrr5\">ENLLA\u00c7 A LES FOTOGRAFIES<\/a><\/li>\n<\/ul>\n<p><a href=\"https:\/\/agora.xtec.cat\/escolamestralvilanova\/wp-content\/uploads\/usu729\/2018\/10\/IMG_6492.jpg\"><\/a><\/p>\n","protected":false},"author":1,"featured_media":0,"comment_status":"open","ping_status":"closed","sticky":false,"template":"","format":"standard","meta":{"_bbp_topic_count":0,"_bbp_reply_count":0,"_bbp_total_topic_count":0,"_bbp_total_reply_count":0,"_bbp_voice_count":0,"_bbp_anonymous_reply_count":0,"_bbp_topic_count_hidden":0,"_bbp_reply_count_hidden":0,"_bbp_forum_subforum_count":0,"footnotes":""},"categories":[57,1,4],"tags":[],"class_list":["post-784","post","type-post","status-publish","format-standard","hentry","category-espai-families","category-general","category-portada"],"post_mailing_queue_ids":[],"_links":{"self":[{"href":"https:\/\/agora.xtec.cat\/escolamestralvilanova\/wp-json\/wp\/v2\/posts\/784","targetHints":{"allow":["GET"]}}],"collection":[{"href":"https:\/\/agora.xtec.cat\/escolamestralvilanova\/wp-json\/wp\/v2\/posts"}],"about":[{"href":"https:\/\/agora.xtec.cat\/escolamestralvilanova\/wp-json\/wp\/v2\/types\/post"}],"author":[{"embeddable":true,"href":"https:\/\/agora.xtec.cat\/escolamestralvilanova\/wp-json\/wp\/v2\/users\/1"}],"replies":[{"embeddable":true,"href":"https:\/\/agora.xtec.cat\/escolamestralvilanova\/wp-json\/wp\/v2\/comments?post=784"}],"version-history":[{"count":3,"href":"https:\/\/agora.xtec.cat\/escolamestralvilanova\/wp-json\/wp\/v2\/posts\/784\/revisions"}],"predecessor-version":[{"id":1147,"href":"https:\/\/agora.xtec.cat\/escolamestralvilanova\/wp-json\/wp\/v2\/posts\/784\/revisions\/1147"}],"wp:attachment":[{"href":"https:\/\/agora.xtec.cat\/escolamestralvilanova\/wp-json\/wp\/v2\/media?parent=784"}],"wp:term":[{"taxonomy":"category","embeddable":true,"href":"https:\/\/agora.xtec.cat\/escolamestralvilanova\/wp-json\/wp\/v2\/categories?post=784"},{"taxonomy":"post_tag","embeddable":true,"href":"https:\/\/agora.xtec.cat\/escolamestralvilanova\/wp-json\/wp\/v2\/tags?post=784"}],"curies":[{"name":"wp","href":"https:\/\/api.w.org\/{rel}","templated":true}]}}