{"id":7814,"date":"2022-12-02T09:49:56","date_gmt":"2022-12-02T08:49:56","guid":{"rendered":"https:\/\/agora.xtec.cat\/escolamestralvilanova\/?p=7814"},"modified":"2022-12-02T09:49:56","modified_gmt":"2022-12-02T08:49:56","slug":"taller-de-llum-2","status":"publish","type":"post","link":"https:\/\/agora.xtec.cat\/escolamestralvilanova\/general\/taller-de-llum-2\/","title":{"rendered":"TALLER DE LLUM"},"content":{"rendered":"<p>Dins la Setmana de les Arts, els i les alumnes d&#8217; I3, I4 i I5 hem fet un petit taller de llum.<\/p>\n<p>A trav\u00e9s d&#8217;aquest element els nens i les nenes han pogut sorprendre&#8217;s, experimentar i crear a trav\u00e9s de diferents propostes de construcci\u00f3, pintura, tra\u00e7os i transvasaments.<\/p>\n<ul>\n<li><a href=\"https:\/\/photos.app.goo.gl\/uqsYTWVyM76deFpe7\">ENLLA\u00c7 A LES FOTOGRAFIES<\/a><\/li>\n<\/ul>\n<p><a href=\"https:\/\/photos.app.goo.gl\/uqsYTWVyM76deFpe7\"><img loading=\"lazy\" decoding=\"async\" class=\"alignnone size-medium wp-image-7815\" src=\"https:\/\/agora.xtec.cat\/escolamestralvilanova\/wp-content\/uploads\/usu729\/2022\/12\/llum-fosca-300x217.jpg\" alt=\"\" width=\"300\" height=\"217\" srcset=\"https:\/\/agora.xtec.cat\/escolamestralvilanova\/wp-content\/uploads\/usu729\/2022\/12\/llum-fosca-300x217.jpg 300w, https:\/\/agora.xtec.cat\/escolamestralvilanova\/wp-content\/uploads\/usu729\/2022\/12\/llum-fosca-1024x742.jpg 1024w, https:\/\/agora.xtec.cat\/escolamestralvilanova\/wp-content\/uploads\/usu729\/2022\/12\/llum-fosca-768x556.jpg 768w, https:\/\/agora.xtec.cat\/escolamestralvilanova\/wp-content\/uploads\/usu729\/2022\/12\/llum-fosca.jpg 1263w\" sizes=\"auto, (max-width: 300px) 100vw, 300px\" \/><\/a><\/p>\n","protected":false},"excerpt":{"rendered":"<p>Dins la Setmana de les Arts, els i les alumnes d&#8217; I3, I4 i I5 hem fet un petit taller de llum.<br \/>\nA trav\u00e9s d&#8217;aquest element els nens i les nenes han pogut sorprendre&#8217;s, experimentar i crear a trav\u00e9s de diferents propostes de construcci\u00f3, pintura, tra\u00e7os&hellip;  <a href=\"https:\/\/agora.xtec.cat\/escolamestralvilanova\/general\/taller-de-llum-2\/\" title=\"Read TALLER DE LLUM\">Llegeix m\u00e9s\u00bb<\/a><\/p>\n","protected":false},"author":1,"featured_media":0,"comment_status":"open","ping_status":"closed","sticky":false,"template":"","format":"standard","meta":{"_bbp_topic_count":0,"_bbp_reply_count":0,"_bbp_total_topic_count":0,"_bbp_total_reply_count":0,"_bbp_voice_count":0,"_bbp_anonymous_reply_count":0,"_bbp_topic_count_hidden":0,"_bbp_reply_count_hidden":0,"_bbp_forum_subforum_count":0,"footnotes":""},"categories":[3,1,2,4],"tags":[],"class_list":["post-7814","post","type-post","status-publish","format-standard","hentry","category-ei3-ei4-ei5","category-general","category-infantil","category-portada"],"post_mailing_queue_ids":[],"_links":{"self":[{"href":"https:\/\/agora.xtec.cat\/escolamestralvilanova\/wp-json\/wp\/v2\/posts\/7814","targetHints":{"allow":["GET"]}}],"collection":[{"href":"https:\/\/agora.xtec.cat\/escolamestralvilanova\/wp-json\/wp\/v2\/posts"}],"about":[{"href":"https:\/\/agora.xtec.cat\/escolamestralvilanova\/wp-json\/wp\/v2\/types\/post"}],"author":[{"embeddable":true,"href":"https:\/\/agora.xtec.cat\/escolamestralvilanova\/wp-json\/wp\/v2\/users\/1"}],"replies":[{"embeddable":true,"href":"https:\/\/agora.xtec.cat\/escolamestralvilanova\/wp-json\/wp\/v2\/comments?post=7814"}],"version-history":[{"count":1,"href":"https:\/\/agora.xtec.cat\/escolamestralvilanova\/wp-json\/wp\/v2\/posts\/7814\/revisions"}],"predecessor-version":[{"id":7816,"href":"https:\/\/agora.xtec.cat\/escolamestralvilanova\/wp-json\/wp\/v2\/posts\/7814\/revisions\/7816"}],"wp:attachment":[{"href":"https:\/\/agora.xtec.cat\/escolamestralvilanova\/wp-json\/wp\/v2\/media?parent=7814"}],"wp:term":[{"taxonomy":"category","embeddable":true,"href":"https:\/\/agora.xtec.cat\/escolamestralvilanova\/wp-json\/wp\/v2\/categories?post=7814"},{"taxonomy":"post_tag","embeddable":true,"href":"https:\/\/agora.xtec.cat\/escolamestralvilanova\/wp-json\/wp\/v2\/tags?post=7814"}],"curies":[{"name":"wp","href":"https:\/\/api.w.org\/{rel}","templated":true}]}}