{"id":781,"date":"2018-10-19T16:03:37","date_gmt":"2018-10-19T14:03:37","guid":{"rendered":"http:\/\/agora.xtec.cat\/escolamestralvilanova\/?p=781"},"modified":"2018-11-09T20:30:53","modified_gmt":"2018-11-09T19:30:53","slug":"iniciem-els-tallers-de-plastica","status":"publish","type":"post","link":"https:\/\/agora.xtec.cat\/escolamestralvilanova\/portada\/iniciem-els-tallers-de-plastica\/","title":{"rendered":"INICIEM ELS TALLERS DE PL\u00c0STICA"},"content":{"rendered":"<p>Avui hem comen\u00e7at els Tallers de Pl\u00e0stica Internivells a Ed. PRIM\u00c0RIA!<\/p>\n<p>Durant aquests primers mesos farem els seg\u00fcents tallers:<\/p>\n<ul>\n<li>Retrat Dadaista:\u00a0<em>Autoretrat<\/em><\/li>\n<li>Gustav Klimt:\u00a0<em>L&#8217;arbre de la vida<\/em><\/li>\n<li>Papirofl\u00e8xia<\/li>\n<li>Paul Klee:\u00a0<em>Paisatge de Vilanova de la Barca<\/em><\/li>\n<li>Kimmy Cantrell:\u00a0<em>M\u00e0scara amb reciclatge<\/em><\/li>\n<\/ul>\n<p>&nbsp;<\/p>\n<ul>\n<li><a href=\"https:\/\/photos.app.goo.gl\/ZP7tdodXfJ92kNvj7\">ENLLA\u00c7 A LES IMATGES<\/a><\/li>\n<\/ul>\n","protected":false},"excerpt":{"rendered":"<p>Avui hem comen\u00e7at els Tallers de Pl\u00e0stica Internivells a Ed. PRIM\u00c0RIA!<br \/>\nDurant aquests primers mesos farem els seg\u00fcents tallers:<\/p>\n<ul>\n<li>Retrat Dadaista:\u00a0Autoretrat<\/li>\n<li>Gustav Klimt:\u00a0L&#8217;arbre de la vida<\/li>\n<li>Papirofl\u00e8xia<\/li>\n<li>Paul Klee:\u00a0Paisatge de Vilanova de la Barca<\/li>\n<li>Kimmy Cantrell:\u00a0M\u00e0scara amb reciclatge<\/li>\n<\/ul>\n<p>&nbsp;<\/p>\n<ul>\n<li><a href=\"https:\/\/photos.app.goo.gl\/ZP7tdodXfJ92kNvj7\">ENLLA\u00c7 A LES IMATGES<\/a><\/li>\n<\/ul>\n","protected":false},"author":1,"featured_media":0,"comment_status":"open","ping_status":"closed","sticky":false,"template":"","format":"standard","meta":{"_bbp_topic_count":0,"_bbp_reply_count":0,"_bbp_total_topic_count":0,"_bbp_total_reply_count":0,"_bbp_voice_count":0,"_bbp_anonymous_reply_count":0,"_bbp_topic_count_hidden":0,"_bbp_reply_count_hidden":0,"_bbp_forum_subforum_count":0,"footnotes":""},"categories":[13,11,12,15,10,4,5],"tags":[],"class_list":["post-781","post","type-post","status-publish","format-standard","hentry","category-cinque","category-cicle-inicial","category-tercer-quart","category-cicle-superior","category-ei5-primer","category-portada","category-primaria"],"post_mailing_queue_ids":[],"_links":{"self":[{"href":"https:\/\/agora.xtec.cat\/escolamestralvilanova\/wp-json\/wp\/v2\/posts\/781","targetHints":{"allow":["GET"]}}],"collection":[{"href":"https:\/\/agora.xtec.cat\/escolamestralvilanova\/wp-json\/wp\/v2\/posts"}],"about":[{"href":"https:\/\/agora.xtec.cat\/escolamestralvilanova\/wp-json\/wp\/v2\/types\/post"}],"author":[{"embeddable":true,"href":"https:\/\/agora.xtec.cat\/escolamestralvilanova\/wp-json\/wp\/v2\/users\/1"}],"replies":[{"embeddable":true,"href":"https:\/\/agora.xtec.cat\/escolamestralvilanova\/wp-json\/wp\/v2\/comments?post=781"}],"version-history":[{"count":3,"href":"https:\/\/agora.xtec.cat\/escolamestralvilanova\/wp-json\/wp\/v2\/posts\/781\/revisions"}],"predecessor-version":[{"id":886,"href":"https:\/\/agora.xtec.cat\/escolamestralvilanova\/wp-json\/wp\/v2\/posts\/781\/revisions\/886"}],"wp:attachment":[{"href":"https:\/\/agora.xtec.cat\/escolamestralvilanova\/wp-json\/wp\/v2\/media?parent=781"}],"wp:term":[{"taxonomy":"category","embeddable":true,"href":"https:\/\/agora.xtec.cat\/escolamestralvilanova\/wp-json\/wp\/v2\/categories?post=781"},{"taxonomy":"post_tag","embeddable":true,"href":"https:\/\/agora.xtec.cat\/escolamestralvilanova\/wp-json\/wp\/v2\/tags?post=781"}],"curies":[{"name":"wp","href":"https:\/\/api.w.org\/{rel}","templated":true}]}}