{"id":7806,"date":"2022-12-01T10:14:04","date_gmt":"2022-12-01T09:14:04","guid":{"rendered":"https:\/\/agora.xtec.cat\/escolamestralvilanova\/?p=7806"},"modified":"2022-12-01T18:49:28","modified_gmt":"2022-12-01T17:49:28","slug":"passejada-creativa","status":"publish","type":"post","link":"https:\/\/agora.xtec.cat\/escolamestralvilanova\/general\/passejada-creativa\/","title":{"rendered":"PASSEJADA CREATIVA!"},"content":{"rendered":"<div>\n<p>Fa uns dies vam cel\u00b7lebrar a l&#8217;escola la &#8220;Setmana de les Arts&#8221;. Aquesta va estar plena de tallers, propostes i creacions art\u00edstiques molt especials.<\/p>\n<p>Vam definir que \u00e9s\u00a0l&#8217;Art per nosaltres, vam gaudir de la m\u00fasica, de creacions amb materials i objectes que ja no utilitzem, vam fer una passejada creativa i vam experimentar a l&#8217;ambient de llum negra.<\/p>\n<p>Com podeu veure a les imatges, la Rosa, ena va proposar un taller creatiu on vam ser capa\u00e7os de veure l&#8217;art a trav\u00e9s dels nostres ulls; amb la imaginaci\u00f3 i deixant-nos guiar per la m\u00fasica i les indicacions de la seva vareta\u00a0m\u00e0gica, ens\u00a0vam convertir en roques dins un riu.<\/p>\n<p>Posteriorment\u00a0hi vam buscar tresors i despr\u00e9s vam passejar per aquest sense xafar l&#8217;aigua.<\/p>\n<p>Va ser una setmana molt bonica plena de descobriments!<\/p>\n<\/div>\n<div><\/div>\n<ul>\n<li><a href=\"https:\/\/photos.app.goo.gl\/WYaKLKMEA6sHRK5J6\">ENLLA\u00c7 A LES FOTOGRAFIES<\/a><\/li>\n<\/ul>\n<p><a href=\"https:\/\/photos.app.goo.gl\/WYaKLKMEA6sHRK5J6\"><img loading=\"lazy\" decoding=\"async\" class=\"alignnone size-medium wp-image-7807\" src=\"https:\/\/agora.xtec.cat\/escolamestralvilanova\/wp-content\/uploads\/usu729\/2022\/12\/passejada-238x300.jpg\" alt=\"\" width=\"238\" height=\"300\" srcset=\"https:\/\/agora.xtec.cat\/escolamestralvilanova\/wp-content\/uploads\/usu729\/2022\/12\/passejada-238x300.jpg 238w, https:\/\/agora.xtec.cat\/escolamestralvilanova\/wp-content\/uploads\/usu729\/2022\/12\/passejada.jpg 659w\" sizes=\"auto, (max-width: 238px) 100vw, 238px\" \/><\/a><\/p>\n","protected":false},"excerpt":{"rendered":"<p>Fa uns dies vam cel\u00b7lebrar a l&#8217;escola la &#8220;Setmana de les Arts&#8221;. Aquesta va estar plena de tallers, propostes i creacions art\u00edstiques molt especials.<br \/>\nVam definir que \u00e9s\u00a0l&#8217;Art per nosaltres, vam gaudir de la m\u00fasica, de creacions amb materials i objectes que ja no utilitzem, vam&hellip;  <a href=\"https:\/\/agora.xtec.cat\/escolamestralvilanova\/general\/passejada-creativa\/\" title=\"Read PASSEJADA CREATIVA!\">Llegeix m\u00e9s\u00bb<\/a><\/p>\n","protected":false},"author":1,"featured_media":0,"comment_status":"open","ping_status":"closed","sticky":false,"template":"","format":"standard","meta":{"_bbp_topic_count":0,"_bbp_reply_count":0,"_bbp_total_topic_count":0,"_bbp_total_reply_count":0,"_bbp_voice_count":0,"_bbp_anonymous_reply_count":0,"_bbp_topic_count_hidden":0,"_bbp_reply_count_hidden":0,"_bbp_forum_subforum_count":0,"footnotes":""},"categories":[1,2,4],"tags":[],"class_list":["post-7806","post","type-post","status-publish","format-standard","hentry","category-general","category-infantil","category-portada"],"post_mailing_queue_ids":[],"_links":{"self":[{"href":"https:\/\/agora.xtec.cat\/escolamestralvilanova\/wp-json\/wp\/v2\/posts\/7806","targetHints":{"allow":["GET"]}}],"collection":[{"href":"https:\/\/agora.xtec.cat\/escolamestralvilanova\/wp-json\/wp\/v2\/posts"}],"about":[{"href":"https:\/\/agora.xtec.cat\/escolamestralvilanova\/wp-json\/wp\/v2\/types\/post"}],"author":[{"embeddable":true,"href":"https:\/\/agora.xtec.cat\/escolamestralvilanova\/wp-json\/wp\/v2\/users\/1"}],"replies":[{"embeddable":true,"href":"https:\/\/agora.xtec.cat\/escolamestralvilanova\/wp-json\/wp\/v2\/comments?post=7806"}],"version-history":[{"count":3,"href":"https:\/\/agora.xtec.cat\/escolamestralvilanova\/wp-json\/wp\/v2\/posts\/7806\/revisions"}],"predecessor-version":[{"id":7810,"href":"https:\/\/agora.xtec.cat\/escolamestralvilanova\/wp-json\/wp\/v2\/posts\/7806\/revisions\/7810"}],"wp:attachment":[{"href":"https:\/\/agora.xtec.cat\/escolamestralvilanova\/wp-json\/wp\/v2\/media?parent=7806"}],"wp:term":[{"taxonomy":"category","embeddable":true,"href":"https:\/\/agora.xtec.cat\/escolamestralvilanova\/wp-json\/wp\/v2\/categories?post=7806"},{"taxonomy":"post_tag","embeddable":true,"href":"https:\/\/agora.xtec.cat\/escolamestralvilanova\/wp-json\/wp\/v2\/tags?post=7806"}],"curies":[{"name":"wp","href":"https:\/\/api.w.org\/{rel}","templated":true}]}}