{"id":7801,"date":"2022-11-30T19:15:51","date_gmt":"2022-11-30T18:15:51","guid":{"rendered":"https:\/\/agora.xtec.cat\/escolamestralvilanova\/?p=7801"},"modified":"2022-11-30T19:17:11","modified_gmt":"2022-11-30T18:17:11","slug":"vincles-gala-arria","status":"publish","type":"post","link":"https:\/\/agora.xtec.cat\/escolamestralvilanova\/infantil\/vincles-gala-arria\/","title":{"rendered":"VINCLES GALA ARRI\u00c0"},"content":{"rendered":"<p>Aquesta setmana la protagonista del projecte Vincles \u00e9s la Gala Arri\u00e0, ens ha explicat amb molts detalls les fotografies dels seus 3 anys i de la seva fam\u00edlia.<\/p>\n<p>Dimarts a la tarde van venir els seus pares i van preparar\u00a0 una activitat molt manipulativa.<\/p>\n<p>Amb un fil vam enfilar boletes i lletres de colors i ens vam fer una polsera ben eixerida.<\/p>\n<p>Hem gaudit molt amb aquesta activitat.<\/p>\n<div dir=\"auto\">\n<div dir=\"auto\">Gr\u00e0cies fam\u00edlia!<\/div>\n<div dir=\"auto\"><\/div>\n<\/div>\n<div dir=\"auto\"><\/div>\n<div dir=\"auto\"><\/div>\n<div dir=\"auto\">\n<ul>\n<li dir=\"auto\"><a href=\"https:\/\/photos.app.goo.gl\/LTXPPC7WRS9nodEh7\">ENLLA\u00c7 A LES FOTOGRAFIES\u00a0<\/a><\/li>\n<\/ul>\n<p><a href=\"https:\/\/photos.app.goo.gl\/LTXPPC7WRS9nodEh7\"><img loading=\"lazy\" decoding=\"async\" class=\"alignnone size-medium wp-image-7802\" src=\"https:\/\/agora.xtec.cat\/escolamestralvilanova\/wp-content\/uploads\/usu729\/2022\/11\/foto-gala-300x228.jpg\" alt=\"\" width=\"300\" height=\"228\" srcset=\"https:\/\/agora.xtec.cat\/escolamestralvilanova\/wp-content\/uploads\/usu729\/2022\/11\/foto-gala-300x228.jpg 300w, https:\/\/agora.xtec.cat\/escolamestralvilanova\/wp-content\/uploads\/usu729\/2022\/11\/foto-gala-1024x777.jpg 1024w, https:\/\/agora.xtec.cat\/escolamestralvilanova\/wp-content\/uploads\/usu729\/2022\/11\/foto-gala-768x583.jpg 768w, https:\/\/agora.xtec.cat\/escolamestralvilanova\/wp-content\/uploads\/usu729\/2022\/11\/foto-gala-1536x1166.jpg 1536w, https:\/\/agora.xtec.cat\/escolamestralvilanova\/wp-content\/uploads\/usu729\/2022\/11\/foto-gala.jpg 1561w\" sizes=\"auto, (max-width: 300px) 100vw, 300px\" \/><\/a><\/p>\n<\/div>\n","protected":false},"excerpt":{"rendered":"<p>Aquesta setmana la protagonista del projecte Vincles \u00e9s la Gala Arri\u00e0, ens ha explicat amb molts detalls les fotografies dels seus 3 anys i de la seva fam\u00edlia.<br \/>\nDimarts a la tarde van venir els seus pares i van preparar\u00a0 una activitat molt manipulativa.<br \/>\nAmb un fil&hellip;  <a href=\"https:\/\/agora.xtec.cat\/escolamestralvilanova\/infantil\/vincles-gala-arria\/\" title=\"Read VINCLES GALA ARRI\u00c0\">Llegeix m\u00e9s\u00bb<\/a><\/p>\n","protected":false},"author":1,"featured_media":0,"comment_status":"open","ping_status":"closed","sticky":false,"template":"","format":"standard","meta":{"_bbp_topic_count":0,"_bbp_reply_count":0,"_bbp_total_topic_count":0,"_bbp_total_reply_count":0,"_bbp_voice_count":0,"_bbp_anonymous_reply_count":0,"_bbp_topic_count_hidden":0,"_bbp_reply_count_hidden":0,"_bbp_forum_subforum_count":0,"footnotes":""},"categories":[3,2,4],"tags":[],"class_list":["post-7801","post","type-post","status-publish","format-standard","hentry","category-ei3-ei4-ei5","category-infantil","category-portada"],"post_mailing_queue_ids":[],"_links":{"self":[{"href":"https:\/\/agora.xtec.cat\/escolamestralvilanova\/wp-json\/wp\/v2\/posts\/7801","targetHints":{"allow":["GET"]}}],"collection":[{"href":"https:\/\/agora.xtec.cat\/escolamestralvilanova\/wp-json\/wp\/v2\/posts"}],"about":[{"href":"https:\/\/agora.xtec.cat\/escolamestralvilanova\/wp-json\/wp\/v2\/types\/post"}],"author":[{"embeddable":true,"href":"https:\/\/agora.xtec.cat\/escolamestralvilanova\/wp-json\/wp\/v2\/users\/1"}],"replies":[{"embeddable":true,"href":"https:\/\/agora.xtec.cat\/escolamestralvilanova\/wp-json\/wp\/v2\/comments?post=7801"}],"version-history":[{"count":3,"href":"https:\/\/agora.xtec.cat\/escolamestralvilanova\/wp-json\/wp\/v2\/posts\/7801\/revisions"}],"predecessor-version":[{"id":7805,"href":"https:\/\/agora.xtec.cat\/escolamestralvilanova\/wp-json\/wp\/v2\/posts\/7801\/revisions\/7805"}],"wp:attachment":[{"href":"https:\/\/agora.xtec.cat\/escolamestralvilanova\/wp-json\/wp\/v2\/media?parent=7801"}],"wp:term":[{"taxonomy":"category","embeddable":true,"href":"https:\/\/agora.xtec.cat\/escolamestralvilanova\/wp-json\/wp\/v2\/categories?post=7801"},{"taxonomy":"post_tag","embeddable":true,"href":"https:\/\/agora.xtec.cat\/escolamestralvilanova\/wp-json\/wp\/v2\/tags?post=7801"}],"curies":[{"name":"wp","href":"https:\/\/api.w.org\/{rel}","templated":true}]}}