{"id":7770,"date":"2022-11-24T12:36:44","date_gmt":"2022-11-24T11:36:44","guid":{"rendered":"https:\/\/agora.xtec.cat\/escolamestralvilanova\/?p=7770"},"modified":"2022-11-24T12:36:44","modified_gmt":"2022-11-24T11:36:44","slug":"concert-del-jordi-viladomat","status":"publish","type":"post","link":"https:\/\/agora.xtec.cat\/escolamestralvilanova\/infantil\/concert-del-jordi-viladomat\/","title":{"rendered":"CONCERT DEL JORDI VILADOMAT"},"content":{"rendered":"<p>Avui tots els nens i nenes de l&#8217;escola hem tingut la gran sort de poder escoltar i presenciar un concert realitzat pel m\u00fasic i pare de l&#8217;escola, Jordi Viladomat.<\/p>\n<p>Durant aquest concert en ha interpretat, amb el piano, poemes musicats en catal\u00e0 i en angl\u00e8s i tamb\u00e9 ens ha interpretat les obres &#8220;Camins&#8221; i &#8220;Som de l&#8217;Oest&#8221;.<\/p>\n<p>Moltes gr\u00e0cies! Ens ha agradat molt!<\/p>\n<ul>\n<li><a href=\"https:\/\/photos.app.goo.gl\/P653QLYE6foHJPgJ6\">ENLLA\u00c7 A LES FOTOGRAFIES<\/a><\/li>\n<\/ul>\n<p><a href=\"https:\/\/photos.app.goo.gl\/P653QLYE6foHJPgJ6\"><img loading=\"lazy\" decoding=\"async\" class=\"alignnone size-medium wp-image-7771\" src=\"https:\/\/agora.xtec.cat\/escolamestralvilanova\/wp-content\/uploads\/usu729\/2022\/11\/IMG_4573-300x225.jpg\" alt=\"\" width=\"300\" height=\"225\" srcset=\"https:\/\/agora.xtec.cat\/escolamestralvilanova\/wp-content\/uploads\/usu729\/2022\/11\/IMG_4573-300x225.jpg 300w, https:\/\/agora.xtec.cat\/escolamestralvilanova\/wp-content\/uploads\/usu729\/2022\/11\/IMG_4573-200x150.jpg 200w, https:\/\/agora.xtec.cat\/escolamestralvilanova\/wp-content\/uploads\/usu729\/2022\/11\/IMG_4573.jpg 640w\" sizes=\"auto, (max-width: 300px) 100vw, 300px\" \/><\/a><\/p>\n","protected":false},"excerpt":{"rendered":"<p>Avui tots els nens i nenes de l&#8217;escola hem tingut la gran sort de poder escoltar i presenciar un concert realitzat pel m\u00fasic i pare de l&#8217;escola, Jordi Viladomat.<br \/>\nDurant aquest concert en ha interpretat, amb el piano, poemes musicats en catal\u00e0 i en angl\u00e8s i&hellip;  <a href=\"https:\/\/agora.xtec.cat\/escolamestralvilanova\/infantil\/concert-del-jordi-viladomat\/\" title=\"Read CONCERT DEL JORDI VILADOMAT\">Llegeix m\u00e9s\u00bb<\/a><\/p>\n","protected":false},"author":1,"featured_media":0,"comment_status":"open","ping_status":"closed","sticky":false,"template":"","format":"standard","meta":{"_bbp_topic_count":0,"_bbp_reply_count":0,"_bbp_total_topic_count":0,"_bbp_total_reply_count":0,"_bbp_voice_count":0,"_bbp_anonymous_reply_count":0,"_bbp_topic_count_hidden":0,"_bbp_reply_count_hidden":0,"_bbp_forum_subforum_count":0,"footnotes":""},"categories":[11,12,15,3,14,59,2,4,5],"tags":[],"class_list":["post-7770","post","type-post","status-publish","format-standard","hentry","category-cicle-inicial","category-tercer-quart","category-cicle-superior","category-ei3-ei4-ei5","category-ei1-ei2","category-primer-cicle-ed-infantil","category-infantil","category-portada","category-primaria"],"post_mailing_queue_ids":[],"_links":{"self":[{"href":"https:\/\/agora.xtec.cat\/escolamestralvilanova\/wp-json\/wp\/v2\/posts\/7770","targetHints":{"allow":["GET"]}}],"collection":[{"href":"https:\/\/agora.xtec.cat\/escolamestralvilanova\/wp-json\/wp\/v2\/posts"}],"about":[{"href":"https:\/\/agora.xtec.cat\/escolamestralvilanova\/wp-json\/wp\/v2\/types\/post"}],"author":[{"embeddable":true,"href":"https:\/\/agora.xtec.cat\/escolamestralvilanova\/wp-json\/wp\/v2\/users\/1"}],"replies":[{"embeddable":true,"href":"https:\/\/agora.xtec.cat\/escolamestralvilanova\/wp-json\/wp\/v2\/comments?post=7770"}],"version-history":[{"count":1,"href":"https:\/\/agora.xtec.cat\/escolamestralvilanova\/wp-json\/wp\/v2\/posts\/7770\/revisions"}],"predecessor-version":[{"id":7772,"href":"https:\/\/agora.xtec.cat\/escolamestralvilanova\/wp-json\/wp\/v2\/posts\/7770\/revisions\/7772"}],"wp:attachment":[{"href":"https:\/\/agora.xtec.cat\/escolamestralvilanova\/wp-json\/wp\/v2\/media?parent=7770"}],"wp:term":[{"taxonomy":"category","embeddable":true,"href":"https:\/\/agora.xtec.cat\/escolamestralvilanova\/wp-json\/wp\/v2\/categories?post=7770"},{"taxonomy":"post_tag","embeddable":true,"href":"https:\/\/agora.xtec.cat\/escolamestralvilanova\/wp-json\/wp\/v2\/tags?post=7770"}],"curies":[{"name":"wp","href":"https:\/\/api.w.org\/{rel}","templated":true}]}}