{"id":7760,"date":"2022-11-23T16:21:21","date_gmt":"2022-11-23T15:21:21","guid":{"rendered":"https:\/\/agora.xtec.cat\/escolamestralvilanova\/?p=7760"},"modified":"2022-11-23T16:23:16","modified_gmt":"2022-11-23T15:23:16","slug":"sortida-lleida","status":"publish","type":"post","link":"https:\/\/agora.xtec.cat\/escolamestralvilanova\/infantil\/sortida-lleida\/","title":{"rendered":"SORTIDA LLEIDA"},"content":{"rendered":"<p>Avui tota l&#8217;escola hem anat d&#8217;excursi\u00f3 a Lleida! Els m\u00e9s menuts han anat amb autob\u00fas i els grans amb tren!<\/p>\n<ul style=\"list-style-type: circle;\">\n<li>EI3, EI4 i EI5 han anat a veure la casa dels gegants.<\/li>\n<li>1r, 2n i 3r de prim\u00e0ria de visita a la Paeria.<\/li>\n<li>4t, 5\u00e8 i 6\u00e8 de prim\u00e0ria a la exposici\u00f3 PIXAR al CaixaF\u00f2rum.<\/li>\n<\/ul>\n<p>Tots ens ho hem passat d&#8217;all\u00f2 m\u00e9s b\u00e9!<\/p>\n<ul>\n<li><a href=\"https:\/\/photos.app.goo.gl\/huNui6MprsNTMRNh8\">ENLLA\u00c7 A LES FOTOGRAFIES<\/a><\/li>\n<\/ul>\n<p><a href=\"https:\/\/photos.app.goo.gl\/huNui6MprsNTMRNh8\"><img loading=\"lazy\" decoding=\"async\" class=\"alignnone size-medium wp-image-7761\" src=\"https:\/\/agora.xtec.cat\/escolamestralvilanova\/wp-content\/uploads\/usu729\/2022\/11\/portada-lleida-1-300x174.jpg\" alt=\"\" width=\"300\" height=\"174\" srcset=\"https:\/\/agora.xtec.cat\/escolamestralvilanova\/wp-content\/uploads\/usu729\/2022\/11\/portada-lleida-1-300x174.jpg 300w, https:\/\/agora.xtec.cat\/escolamestralvilanova\/wp-content\/uploads\/usu729\/2022\/11\/portada-lleida-1-1024x593.jpg 1024w, https:\/\/agora.xtec.cat\/escolamestralvilanova\/wp-content\/uploads\/usu729\/2022\/11\/portada-lleida-1-768x445.jpg 768w, https:\/\/agora.xtec.cat\/escolamestralvilanova\/wp-content\/uploads\/usu729\/2022\/11\/portada-lleida-1.jpg 1246w\" sizes=\"auto, (max-width: 300px) 100vw, 300px\" \/><\/a><\/p>\n<p><a href=\"https:\/\/photos.app.goo.gl\/huNui6MprsNTMRNh8\"><img loading=\"lazy\" decoding=\"async\" class=\"alignnone wp-image-7762\" src=\"https:\/\/agora.xtec.cat\/escolamestralvilanova\/wp-content\/uploads\/usu729\/2022\/11\/portada-lleida-2-300x204.jpg\" alt=\"\" width=\"300\" height=\"204\" srcset=\"https:\/\/agora.xtec.cat\/escolamestralvilanova\/wp-content\/uploads\/usu729\/2022\/11\/portada-lleida-2-300x204.jpg 300w, https:\/\/agora.xtec.cat\/escolamestralvilanova\/wp-content\/uploads\/usu729\/2022\/11\/portada-lleida-2-1024x697.jpg 1024w, https:\/\/agora.xtec.cat\/escolamestralvilanova\/wp-content\/uploads\/usu729\/2022\/11\/portada-lleida-2-768x523.jpg 768w, https:\/\/agora.xtec.cat\/escolamestralvilanova\/wp-content\/uploads\/usu729\/2022\/11\/portada-lleida-2.jpg 1277w\" sizes=\"auto, (max-width: 300px) 100vw, 300px\" \/><\/a><\/p>\n","protected":false},"excerpt":{"rendered":"<p>Avui tota l&#8217;escola hem anat d&#8217;excursi\u00f3 a Lleida! Els m\u00e9s menuts han anat amb autob\u00fas i els grans amb tren!<\/p>\n<ul style=\"list-style-type: circle;\">\n<li>EI3, EI4 i EI5 han anat a veure la casa dels gegants.<\/li>\n<li>1r, 2n i 3r de prim\u00e0ria de visita a la Paeria.<\/li>\n<li>4t, 5\u00e8 i&hellip;  <a href=\"https:\/\/agora.xtec.cat\/escolamestralvilanova\/infantil\/sortida-lleida\/\" title=\"Read SORTIDA LLEIDA\">Llegeix m\u00e9s\u00bb<\/a><br \/>\n","protected":false},"author":1,"featured_media":0,"comment_status":"open","ping_status":"closed","sticky":false,"template":"","format":"standard","meta":{"_bbp_topic_count":0,"_bbp_reply_count":0,"_bbp_total_topic_count":0,"_bbp_total_reply_count":0,"_bbp_voice_count":0,"_bbp_anonymous_reply_count":0,"_bbp_topic_count_hidden":0,"_bbp_reply_count_hidden":0,"_bbp_forum_subforum_count":0,"footnotes":""},"categories":[2,4,5],"tags":[],"class_list":["post-7760","post","type-post","status-publish","format-standard","hentry","category-infantil","category-portada","category-primaria"],"post_mailing_queue_ids":[],"_links":{"self":[{"href":"https:\/\/agora.xtec.cat\/escolamestralvilanova\/wp-json\/wp\/v2\/posts\/7760","targetHints":{"allow":["GET"]}}],"collection":[{"href":"https:\/\/agora.xtec.cat\/escolamestralvilanova\/wp-json\/wp\/v2\/posts"}],"about":[{"href":"https:\/\/agora.xtec.cat\/escolamestralvilanova\/wp-json\/wp\/v2\/types\/post"}],"author":[{"embeddable":true,"href":"https:\/\/agora.xtec.cat\/escolamestralvilanova\/wp-json\/wp\/v2\/users\/1"}],"replies":[{"embeddable":true,"href":"https:\/\/agora.xtec.cat\/escolamestralvilanova\/wp-json\/wp\/v2\/comments?post=7760"}],"version-history":[{"count":3,"href":"https:\/\/agora.xtec.cat\/escolamestralvilanova\/wp-json\/wp\/v2\/posts\/7760\/revisions"}],"predecessor-version":[{"id":7769,"href":"https:\/\/agora.xtec.cat\/escolamestralvilanova\/wp-json\/wp\/v2\/posts\/7760\/revisions\/7769"}],"wp:attachment":[{"href":"https:\/\/agora.xtec.cat\/escolamestralvilanova\/wp-json\/wp\/v2\/media?parent=7760"}],"wp:term":[{"taxonomy":"category","embeddable":true,"href":"https:\/\/agora.xtec.cat\/escolamestralvilanova\/wp-json\/wp\/v2\/categories?post=7760"},{"taxonomy":"post_tag","embeddable":true,"href":"https:\/\/agora.xtec.cat\/escolamestralvilanova\/wp-json\/wp\/v2\/tags?post=7760"}],"curies":[{"name":"wp","href":"https:\/\/api.w.org\/{rel}","templated":true}]}}