{"id":7754,"date":"2022-11-22T19:59:12","date_gmt":"2022-11-22T18:59:12","guid":{"rendered":"https:\/\/agora.xtec.cat\/escolamestralvilanova\/?p=7754"},"modified":"2022-11-22T19:59:12","modified_gmt":"2022-11-22T18:59:12","slug":"vincles-morgan","status":"publish","type":"post","link":"https:\/\/agora.xtec.cat\/escolamestralvilanova\/general\/vincles-morgan\/","title":{"rendered":"VINCLES MORGAN"},"content":{"rendered":"<p>Aquesta setmana la protagonista del projecte Vincles \u00e9s la Morgan, ens ha portat fotos de quan era petita i ens ha explicat qui \u00e9s la seva fam\u00edlia.<\/p>\n<p>Dilluns va ser el seu aniversari i va fer 3 anys, ho vam celebrar amb els companys i companyes d&#8217;Ei3. Ens va portar coca i xocolata per esmorzar.<\/p>\n<p>Per molt anys Morgan!<\/p>\n<ul>\n<li dir=\"auto\"><a href=\"https:\/\/photos.app.goo.gl\/bYy7usRm9PGo5hDg6\">ENLLA\u00c7 A LES FOTOGRAFIES<\/a><\/li>\n<\/ul>\n<p><a href=\"https:\/\/agora.xtec.cat\/escolamestralvilanova\/wp-content\/uploads\/usu729\/2022\/11\/foto-morgan.jpg\"><img loading=\"lazy\" decoding=\"async\" class=\"alignnone size-medium wp-image-7755\" src=\"https:\/\/agora.xtec.cat\/escolamestralvilanova\/wp-content\/uploads\/usu729\/2022\/11\/foto-morgan-300x217.jpg\" alt=\"\" width=\"300\" height=\"217\" srcset=\"https:\/\/agora.xtec.cat\/escolamestralvilanova\/wp-content\/uploads\/usu729\/2022\/11\/foto-morgan-300x217.jpg 300w, https:\/\/agora.xtec.cat\/escolamestralvilanova\/wp-content\/uploads\/usu729\/2022\/11\/foto-morgan-1024x741.jpg 1024w, https:\/\/agora.xtec.cat\/escolamestralvilanova\/wp-content\/uploads\/usu729\/2022\/11\/foto-morgan-768x555.jpg 768w, https:\/\/agora.xtec.cat\/escolamestralvilanova\/wp-content\/uploads\/usu729\/2022\/11\/foto-morgan-1536x1111.jpg 1536w, https:\/\/agora.xtec.cat\/escolamestralvilanova\/wp-content\/uploads\/usu729\/2022\/11\/foto-morgan.jpg 1669w\" sizes=\"auto, (max-width: 300px) 100vw, 300px\" \/><\/a><\/p>\n","protected":false},"excerpt":{"rendered":"<p>Aquesta setmana la protagonista del projecte Vincles \u00e9s la Morgan, ens ha portat fotos de quan era petita i ens ha explicat qui \u00e9s la seva fam\u00edlia.<br \/>\nDilluns va ser el seu aniversari i va fer 3 anys, ho vam celebrar amb els companys i companyes&hellip;  <a href=\"https:\/\/agora.xtec.cat\/escolamestralvilanova\/general\/vincles-morgan\/\" title=\"Read VINCLES MORGAN\">Llegeix m\u00e9s\u00bb<\/a><\/p>\n","protected":false},"author":1,"featured_media":0,"comment_status":"open","ping_status":"closed","sticky":false,"template":"","format":"standard","meta":{"_bbp_topic_count":0,"_bbp_reply_count":0,"_bbp_total_topic_count":0,"_bbp_total_reply_count":0,"_bbp_voice_count":0,"_bbp_anonymous_reply_count":0,"_bbp_topic_count_hidden":0,"_bbp_reply_count_hidden":0,"_bbp_forum_subforum_count":0,"footnotes":""},"categories":[3,1,2,4],"tags":[],"class_list":["post-7754","post","type-post","status-publish","format-standard","hentry","category-ei3-ei4-ei5","category-general","category-infantil","category-portada"],"post_mailing_queue_ids":[],"_links":{"self":[{"href":"https:\/\/agora.xtec.cat\/escolamestralvilanova\/wp-json\/wp\/v2\/posts\/7754","targetHints":{"allow":["GET"]}}],"collection":[{"href":"https:\/\/agora.xtec.cat\/escolamestralvilanova\/wp-json\/wp\/v2\/posts"}],"about":[{"href":"https:\/\/agora.xtec.cat\/escolamestralvilanova\/wp-json\/wp\/v2\/types\/post"}],"author":[{"embeddable":true,"href":"https:\/\/agora.xtec.cat\/escolamestralvilanova\/wp-json\/wp\/v2\/users\/1"}],"replies":[{"embeddable":true,"href":"https:\/\/agora.xtec.cat\/escolamestralvilanova\/wp-json\/wp\/v2\/comments?post=7754"}],"version-history":[{"count":1,"href":"https:\/\/agora.xtec.cat\/escolamestralvilanova\/wp-json\/wp\/v2\/posts\/7754\/revisions"}],"predecessor-version":[{"id":7756,"href":"https:\/\/agora.xtec.cat\/escolamestralvilanova\/wp-json\/wp\/v2\/posts\/7754\/revisions\/7756"}],"wp:attachment":[{"href":"https:\/\/agora.xtec.cat\/escolamestralvilanova\/wp-json\/wp\/v2\/media?parent=7754"}],"wp:term":[{"taxonomy":"category","embeddable":true,"href":"https:\/\/agora.xtec.cat\/escolamestralvilanova\/wp-json\/wp\/v2\/categories?post=7754"},{"taxonomy":"post_tag","embeddable":true,"href":"https:\/\/agora.xtec.cat\/escolamestralvilanova\/wp-json\/wp\/v2\/tags?post=7754"}],"curies":[{"name":"wp","href":"https:\/\/api.w.org\/{rel}","templated":true}]}}