{"id":7744,"date":"2022-11-21T10:56:19","date_gmt":"2022-11-21T09:56:19","guid":{"rendered":"https:\/\/agora.xtec.cat\/escolamestralvilanova\/?p=7744"},"modified":"2022-11-22T17:00:35","modified_gmt":"2022-11-22T16:00:35","slug":"setmana-de-les-arts","status":"publish","type":"post","link":"https:\/\/agora.xtec.cat\/escolamestralvilanova\/portada\/setmana-de-les-arts\/","title":{"rendered":"V SETMANA DE LES ARTS"},"content":{"rendered":"<p style=\"text-align: justify;\">Al llarg de la\u00a0setmana vinent\u00a0celebrarem la V edici\u00f3 de la nostra &#8220;Setmana\u00a0de l&#8217;art&#8221;.<\/p>\n<p style=\"text-align: justify;\">Durant aquesta\u00a0setmana,\u00a0<strong>del 21 al 25 de novembre<\/strong>, tots els nens i nenes de l\u2019escola participarem d&#8217;una\u00a0setmana\u00a0on la\u00a0m\u00fasica i l&#8217;expressi\u00f3 art\u00edstica\u00a0ser\u00e0 la gran protagonista.<\/p>\n<p style=\"text-align: justify;\">Aquest any ens centrarem en apropar-nos a diverses t\u00e8cniques art\u00edstiques i artistes i poder produir\u00a0una obra pr\u00f2pia a partir de material reciclat.\u00a0Aprofitarem aquesta tem\u00e0tica per treballar i reflexionar sobre l&#8217;<strong>obsolesc\u00e8ncia programada<\/strong>\u00a0amb els alumnes.<\/p>\n<p style=\"text-align: justify;\">Aix\u00ed, algunes tardes de la setmana les dedicarem a la producci\u00f3 de les nostres obres i finalment farem una exposici\u00f3 oberta al poble.<\/p>\n<p style=\"text-align: justify;\">Durant la\u00a0setmana\u00a0realitzarem diferents activitats relacionades amb el m\u00f3n de la\u00a0m\u00fasica i l&#8217;art:<\/p>\n<p style=\"text-align: justify;\"><strong>TALLERS ART\u00cdSTICS<\/strong><\/p>\n<ul style=\"font-weight: 400; text-align: justify;\">\n<li><em>TALLER AMB EL MIQUEL MURILLO: El dilluns dia 21, els alumnes de\u00a0<strong>4t, 5\u00e8 i 6\u00e8<\/strong>\u00a0visitaran el taller de l&#8217;escultor Miquel Murillo anomenat &#8220;El Hangar&#8221;. Aquest taller est\u00e0 situat a Vilanova de la Barca. L&#8217;objectiu de la visita \u00e9s con\u00e8ixer el taller, l&#8217;artista i poder veure\u00a0una mostra de les seves obres en directe.<\/em><\/li>\n<li><em>TALLER INSECTARI (Escola Tra\u00e7): El dilluns 21 els alumnes de\u00a0<strong>1r, 2n i 3r\u00a0<\/strong>faran un taller de reciclatge, en el qual els alumnes hauran de deixar anar la seva creativitat tot utilitzant materials reciclats (cartrons, botons petits, pl\u00e0stics&#8230;).<\/em><\/li>\n<li><em>TALLER PASSEJADA CREATIVA\u00a0 (Escola Tra\u00e7): El divendres 25 els alumnes d&#8217;<strong>Ed. Infantil<\/strong>\u00a0faran un taller on es potenciar\u00e0 la seva creativitat a trav\u00e9s de l&#8217;expressi\u00f3 corporal i art\u00edstica. Cal que vinguin amb roba c\u00f2moda i portin uns mitjons de recanvi.<\/em><\/li>\n<li><em>TALLER PROVOCACI\u00d3 CREATIVA (Espai Meraki):\u00a0El divendres 25 els infants de l&#8217;<strong>Escoleta<\/strong>\u00a0quan arribin trobaran una provocaci\u00f3 a l&#8217;aula que ajudar\u00e0 a potenciar la seva creativitat a trav\u00e9s de la manipulaci\u00f3 de materials pl\u00e0stics i art\u00edstics.<\/em><\/li>\n<\/ul>\n<p style=\"text-align: justify;\">* Aquest tallers estan subvencionats amb els diners recollits durant el mercat de tardor.<\/p>\n<p style=\"text-align: justify;\"><strong>VISITES<\/strong><\/p>\n<ul style=\"font-weight: 400; text-align: justify;\">\n<li><em>VISITA AL CAIXAFORUM (4t, 5\u00e8, i 6\u00e8): Exposici\u00f3 PIXAR<\/em><\/li>\n<li><em>VISITA A LA PAERIA (1r, 2n i 3r)<\/em><\/li>\n<li><em>VISITA\u00a0A LA CASA DELS GEGANTS\u00a0(Ed.Infantil)<\/em><\/li>\n<\/ul>\n<p style=\"text-align: justify;\"><strong>M\u00daSICA<\/strong><\/p>\n<ul style=\"font-weight: 400; text-align: justify;\">\n<li><em>ELS M\u00daSICS DE L&#8217;ESCOLA: Els alumnes de l&#8217;escola que toquen algun instrument ens realitzaran una audici\u00f3 per a tota l&#8217;escola.<\/em><\/li>\n<li><em>EL CONCERT:\u00a0\u00a0El Jordi Viladomat ens far\u00e0 un concert<\/em><\/li>\n<\/ul>\n<p style=\"text-align: justify;\">Tamb\u00e9 els alumnes de Cicle Superior s&#8217;encarregaran de dissenyar els\u00a0CARTELLS per a la\u00a0setmana\u00a0de l&#8217;Art<\/p>\n<p style=\"text-align: justify;\">Totes\u00a0les\u00a0activitats realitzades es publicaran a la\u00a0p\u00e0gina web de l&#8217;escola.<\/p>\n","protected":false},"excerpt":{"rendered":"<p>Al llarg de la\u00a0setmana vinent\u00a0celebrarem la V edici\u00f3 de la nostra &#8220;Setmana\u00a0de l&#8217;art&#8221;.<br \/>\nDurant aquesta\u00a0setmana,\u00a0del 21 al 25 de novembre, tots els nens i nenes de l\u2019escola participarem d&#8217;una\u00a0setmana\u00a0on la\u00a0m\u00fasica i l&#8217;expressi\u00f3 art\u00edstica\u00a0ser\u00e0 la gran protagonista.<br \/>\nAquest any ens centrarem en apropar-nos a diverses t\u00e8cniques art\u00edstiques i&hellip;  <a href=\"https:\/\/agora.xtec.cat\/escolamestralvilanova\/portada\/setmana-de-les-arts\/\" title=\"Read V SETMANA DE LES ARTS\">Llegeix m\u00e9s\u00bb<\/a><\/p>\n","protected":false},"author":1,"featured_media":0,"comment_status":"open","ping_status":"closed","sticky":false,"template":"","format":"standard","meta":{"_bbp_topic_count":0,"_bbp_reply_count":0,"_bbp_total_topic_count":0,"_bbp_total_reply_count":0,"_bbp_voice_count":0,"_bbp_anonymous_reply_count":0,"_bbp_topic_count_hidden":0,"_bbp_reply_count_hidden":0,"_bbp_forum_subforum_count":0,"footnotes":""},"categories":[53,4],"tags":[],"class_list":["post-7744","post","type-post","status-publish","format-standard","hentry","category-lespai-musical","category-portada"],"post_mailing_queue_ids":[],"_links":{"self":[{"href":"https:\/\/agora.xtec.cat\/escolamestralvilanova\/wp-json\/wp\/v2\/posts\/7744","targetHints":{"allow":["GET"]}}],"collection":[{"href":"https:\/\/agora.xtec.cat\/escolamestralvilanova\/wp-json\/wp\/v2\/posts"}],"about":[{"href":"https:\/\/agora.xtec.cat\/escolamestralvilanova\/wp-json\/wp\/v2\/types\/post"}],"author":[{"embeddable":true,"href":"https:\/\/agora.xtec.cat\/escolamestralvilanova\/wp-json\/wp\/v2\/users\/1"}],"replies":[{"embeddable":true,"href":"https:\/\/agora.xtec.cat\/escolamestralvilanova\/wp-json\/wp\/v2\/comments?post=7744"}],"version-history":[{"count":3,"href":"https:\/\/agora.xtec.cat\/escolamestralvilanova\/wp-json\/wp\/v2\/posts\/7744\/revisions"}],"predecessor-version":[{"id":7749,"href":"https:\/\/agora.xtec.cat\/escolamestralvilanova\/wp-json\/wp\/v2\/posts\/7744\/revisions\/7749"}],"wp:attachment":[{"href":"https:\/\/agora.xtec.cat\/escolamestralvilanova\/wp-json\/wp\/v2\/media?parent=7744"}],"wp:term":[{"taxonomy":"category","embeddable":true,"href":"https:\/\/agora.xtec.cat\/escolamestralvilanova\/wp-json\/wp\/v2\/categories?post=7744"},{"taxonomy":"post_tag","embeddable":true,"href":"https:\/\/agora.xtec.cat\/escolamestralvilanova\/wp-json\/wp\/v2\/tags?post=7744"}],"curies":[{"name":"wp","href":"https:\/\/api.w.org\/{rel}","templated":true}]}}