{"id":7742,"date":"2022-11-22T18:32:25","date_gmt":"2022-11-22T17:32:25","guid":{"rendered":"https:\/\/agora.xtec.cat\/escolamestralvilanova\/?p=7742"},"modified":"2022-11-22T18:32:55","modified_gmt":"2022-11-22T17:32:55","slug":"els-musics-de-lescola-2","status":"publish","type":"post","link":"https:\/\/agora.xtec.cat\/escolamestralvilanova\/infantil\/els-musics-de-lescola-2\/","title":{"rendered":"ELS M\u00daSICS DE L&#8217;ESCOLA"},"content":{"rendered":"<p style=\"text-align: justify;\">Avui, aprofitant que \u00e9s la festivitat de Santa Cec\u00edlia, patrona de la m\u00fasica, els alumnes de l&#8217;escola que toquen algun instrument ens han realitzat un concert.<\/p>\n<p>Ens ha agradat molt! He heu fet molt b\u00e9!<\/p>\n<table style=\"border-collapse: collapse; width: 100%;\">\n<tbody>\n<tr>\n<td style=\"width: 50%;\">J\u00falia<\/td>\n<td style=\"width: 50%;\">piano<\/td>\n<\/tr>\n<tr>\n<td style=\"width: 50%;\">Berta<\/td>\n<td style=\"width: 50%;\">flauta dol\u00e7a<\/td>\n<\/tr>\n<tr>\n<td style=\"width: 50%;\">Hugo<\/td>\n<td style=\"width: 50%;\">guitarra i veu<\/td>\n<\/tr>\n<tr>\n<td style=\"width: 50%;\">Ares<\/td>\n<td style=\"width: 50%;\">piano<\/td>\n<\/tr>\n<tr>\n<td style=\"width: 50%;\">Alba<\/td>\n<td style=\"width: 50%;\">piano<\/td>\n<\/tr>\n<tr>\n<td style=\"width: 50%;\">Valentina<\/td>\n<td style=\"width: 50%;\">piano<\/td>\n<\/tr>\n<tr>\n<td style=\"width: 50%;\">Helena<\/td>\n<td style=\"width: 50%;\">flauta travessera<\/td>\n<\/tr>\n<tr>\n<td style=\"width: 50%;\">Ana\u00ebl<\/td>\n<td style=\"width: 50%;\">piano<\/td>\n<\/tr>\n<\/tbody>\n<\/table>\n<ul>\n<li><a href=\"https:\/\/photos.app.goo.gl\/GvYsg5AxiQ63SCgT9\">ENLLA\u00c7 A LES FOTOGRAFIES<\/a><\/li>\n<\/ul>\n<p><a href=\"https:\/\/photos.app.goo.gl\/GvYsg5AxiQ63SCgT9\"><img loading=\"lazy\" decoding=\"async\" class=\"alignnone size-medium wp-image-7751\" src=\"https:\/\/agora.xtec.cat\/escolamestralvilanova\/wp-content\/uploads\/usu729\/2022\/11\/IMG_20221122_102657-300x169.jpg\" alt=\"\" width=\"300\" height=\"169\" srcset=\"https:\/\/agora.xtec.cat\/escolamestralvilanova\/wp-content\/uploads\/usu729\/2022\/11\/IMG_20221122_102657-300x169.jpg 300w, https:\/\/agora.xtec.cat\/escolamestralvilanova\/wp-content\/uploads\/usu729\/2022\/11\/IMG_20221122_102657-1024x576.jpg 1024w, https:\/\/agora.xtec.cat\/escolamestralvilanova\/wp-content\/uploads\/usu729\/2022\/11\/IMG_20221122_102657-768x432.jpg 768w, https:\/\/agora.xtec.cat\/escolamestralvilanova\/wp-content\/uploads\/usu729\/2022\/11\/IMG_20221122_102657-1536x863.jpg 1536w, https:\/\/agora.xtec.cat\/escolamestralvilanova\/wp-content\/uploads\/usu729\/2022\/11\/IMG_20221122_102657-2048x1151.jpg 2048w\" sizes=\"auto, (max-width: 300px) 100vw, 300px\" \/><\/a><\/p>\n","protected":false},"excerpt":{"rendered":"<p>Avui, aprofitant que \u00e9s la festivitat de Santa Cec\u00edlia, patrona de la m\u00fasica, els alumnes de l&#8217;escola que toquen algun instrument ens han realitzat un concert.<br \/>\nEns ha agradat molt! He heu fet molt b\u00e9!<\/p>\n<p>J\u00falia<br \/>\npiano<\/p>\n<p>Berta<br \/>\nflauta dol\u00e7a<\/p>\n<p>Hugo<br \/>\nguitarra i veu<\/p>\n<p>Ares<br \/>\npiano<\/p>\n<p>Alba<br \/>\npiano<\/p>\n<p>Valentina<br \/>\npiano<\/p>\n<p>Helena<br \/>\nflauta travessera<\/p>\n<p>Ana\u00ebl<br \/>\npiano<\/p>\n<ul>\n<li><a href=\"https:\/\/photos.app.goo.gl\/GvYsg5AxiQ63SCgT9\">ENLLA\u00c7 A LES FOTOGRAFIES<\/a><\/li>\n<\/ul>\n<p><a href=\"https:\/\/photos.app.goo.gl\/GvYsg5AxiQ63SCgT9\"><\/a><\/p>\n","protected":false},"author":1,"featured_media":0,"comment_status":"open","ping_status":"closed","sticky":false,"template":"","format":"standard","meta":{"_bbp_topic_count":0,"_bbp_reply_count":0,"_bbp_total_topic_count":0,"_bbp_total_reply_count":0,"_bbp_voice_count":0,"_bbp_anonymous_reply_count":0,"_bbp_topic_count_hidden":0,"_bbp_reply_count_hidden":0,"_bbp_forum_subforum_count":0,"footnotes":""},"categories":[2,53,4,5],"tags":[],"class_list":["post-7742","post","type-post","status-publish","format-standard","hentry","category-infantil","category-lespai-musical","category-portada","category-primaria"],"post_mailing_queue_ids":[],"_links":{"self":[{"href":"https:\/\/agora.xtec.cat\/escolamestralvilanova\/wp-json\/wp\/v2\/posts\/7742","targetHints":{"allow":["GET"]}}],"collection":[{"href":"https:\/\/agora.xtec.cat\/escolamestralvilanova\/wp-json\/wp\/v2\/posts"}],"about":[{"href":"https:\/\/agora.xtec.cat\/escolamestralvilanova\/wp-json\/wp\/v2\/types\/post"}],"author":[{"embeddable":true,"href":"https:\/\/agora.xtec.cat\/escolamestralvilanova\/wp-json\/wp\/v2\/users\/1"}],"replies":[{"embeddable":true,"href":"https:\/\/agora.xtec.cat\/escolamestralvilanova\/wp-json\/wp\/v2\/comments?post=7742"}],"version-history":[{"count":3,"href":"https:\/\/agora.xtec.cat\/escolamestralvilanova\/wp-json\/wp\/v2\/posts\/7742\/revisions"}],"predecessor-version":[{"id":7753,"href":"https:\/\/agora.xtec.cat\/escolamestralvilanova\/wp-json\/wp\/v2\/posts\/7742\/revisions\/7753"}],"wp:attachment":[{"href":"https:\/\/agora.xtec.cat\/escolamestralvilanova\/wp-json\/wp\/v2\/media?parent=7742"}],"wp:term":[{"taxonomy":"category","embeddable":true,"href":"https:\/\/agora.xtec.cat\/escolamestralvilanova\/wp-json\/wp\/v2\/categories?post=7742"},{"taxonomy":"post_tag","embeddable":true,"href":"https:\/\/agora.xtec.cat\/escolamestralvilanova\/wp-json\/wp\/v2\/tags?post=7742"}],"curies":[{"name":"wp","href":"https:\/\/api.w.org\/{rel}","templated":true}]}}