{"id":7734,"date":"2022-11-21T12:27:40","date_gmt":"2022-11-21T11:27:40","guid":{"rendered":"https:\/\/agora.xtec.cat\/escolamestralvilanova\/?p=7734"},"modified":"2022-11-21T12:27:40","modified_gmt":"2022-11-21T11:27:40","slug":"visita-al-hangar-de-miguel-angel-murillo","status":"publish","type":"post","link":"https:\/\/agora.xtec.cat\/escolamestralvilanova\/general\/visita-al-hangar-de-miguel-angel-murillo\/","title":{"rendered":"VISITA AL &#8220;HANGAR&#8221; DE MIGUEL \u00c1NGEL MURILLO"},"content":{"rendered":"<p>Comen\u00e7a la V setmana de l&#8217;art a l&#8217;escola Mestral!<\/p>\n<p>Les i els alumnes de 6\u00e8, 5\u00e8 i 4t hem anat al &#8220;Hangar&#8221; de Miguel \u00c1ngel Murillo, escultor local amb molt de talent! Durant la visita ens ha ensenyat com treballa en el seu taller i hem tingut l&#8217;oportunitat d&#8217;ajudar-lo en una de les seves escultures.<\/p>\n<p>Moltes gr\u00e0cies! Ens ha agradat molt!<\/p>\n<ul>\n<li><a href=\"https:\/\/photos.app.goo.gl\/u7LNqnkWcPrLv1hD9\">ENLLA\u00c7 A LES FOTOGRAFIES<\/a><\/li>\n<\/ul>\n<p><a href=\"https:\/\/photos.app.goo.gl\/u7LNqnkWcPrLv1hD9\"><img loading=\"lazy\" decoding=\"async\" class=\"alignnone size-medium wp-image-7735\" src=\"https:\/\/agora.xtec.cat\/escolamestralvilanova\/wp-content\/uploads\/usu729\/2022\/11\/hangarmurillo-300x169.jpg\" alt=\"\" width=\"300\" height=\"169\" srcset=\"https:\/\/agora.xtec.cat\/escolamestralvilanova\/wp-content\/uploads\/usu729\/2022\/11\/hangarmurillo-300x169.jpg 300w, https:\/\/agora.xtec.cat\/escolamestralvilanova\/wp-content\/uploads\/usu729\/2022\/11\/hangarmurillo-1024x578.jpg 1024w, https:\/\/agora.xtec.cat\/escolamestralvilanova\/wp-content\/uploads\/usu729\/2022\/11\/hangarmurillo-768x433.jpg 768w, https:\/\/agora.xtec.cat\/escolamestralvilanova\/wp-content\/uploads\/usu729\/2022\/11\/hangarmurillo.jpg 1221w\" sizes=\"auto, (max-width: 300px) 100vw, 300px\" \/><\/a><\/p>\n","protected":false},"excerpt":{"rendered":"<p>Comen\u00e7a la V setmana de l&#8217;art a l&#8217;escola Mestral!<br \/>\nLes i els alumnes de 6\u00e8, 5\u00e8 i 4t hem anat al &#8220;Hangar&#8221; de Miguel \u00c1ngel Murillo, escultor local amb molt de talent! Durant la visita ens ha ensenyat com treballa en el seu taller i hem&hellip;  <a href=\"https:\/\/agora.xtec.cat\/escolamestralvilanova\/general\/visita-al-hangar-de-miguel-angel-murillo\/\" title=\"Read VISITA AL &#8220;HANGAR&#8221; DE MIGUEL \u00c1NGEL MURILLO\">Llegeix m\u00e9s\u00bb<\/a><\/p>\n","protected":false},"author":1,"featured_media":0,"comment_status":"open","ping_status":"closed","sticky":false,"template":"","format":"standard","meta":{"_bbp_topic_count":0,"_bbp_reply_count":0,"_bbp_total_topic_count":0,"_bbp_total_reply_count":0,"_bbp_voice_count":0,"_bbp_anonymous_reply_count":0,"_bbp_topic_count_hidden":0,"_bbp_reply_count_hidden":0,"_bbp_forum_subforum_count":0,"footnotes":""},"categories":[13,12,15,1,4,5],"tags":[],"class_list":["post-7734","post","type-post","status-publish","format-standard","hentry","category-cinque","category-tercer-quart","category-cicle-superior","category-general","category-portada","category-primaria"],"post_mailing_queue_ids":[],"_links":{"self":[{"href":"https:\/\/agora.xtec.cat\/escolamestralvilanova\/wp-json\/wp\/v2\/posts\/7734","targetHints":{"allow":["GET"]}}],"collection":[{"href":"https:\/\/agora.xtec.cat\/escolamestralvilanova\/wp-json\/wp\/v2\/posts"}],"about":[{"href":"https:\/\/agora.xtec.cat\/escolamestralvilanova\/wp-json\/wp\/v2\/types\/post"}],"author":[{"embeddable":true,"href":"https:\/\/agora.xtec.cat\/escolamestralvilanova\/wp-json\/wp\/v2\/users\/1"}],"replies":[{"embeddable":true,"href":"https:\/\/agora.xtec.cat\/escolamestralvilanova\/wp-json\/wp\/v2\/comments?post=7734"}],"version-history":[{"count":1,"href":"https:\/\/agora.xtec.cat\/escolamestralvilanova\/wp-json\/wp\/v2\/posts\/7734\/revisions"}],"predecessor-version":[{"id":7736,"href":"https:\/\/agora.xtec.cat\/escolamestralvilanova\/wp-json\/wp\/v2\/posts\/7734\/revisions\/7736"}],"wp:attachment":[{"href":"https:\/\/agora.xtec.cat\/escolamestralvilanova\/wp-json\/wp\/v2\/media?parent=7734"}],"wp:term":[{"taxonomy":"category","embeddable":true,"href":"https:\/\/agora.xtec.cat\/escolamestralvilanova\/wp-json\/wp\/v2\/categories?post=7734"},{"taxonomy":"post_tag","embeddable":true,"href":"https:\/\/agora.xtec.cat\/escolamestralvilanova\/wp-json\/wp\/v2\/tags?post=7734"}],"curies":[{"name":"wp","href":"https:\/\/api.w.org\/{rel}","templated":true}]}}