{"id":7726,"date":"2022-11-20T18:39:07","date_gmt":"2022-11-20T17:39:07","guid":{"rendered":"https:\/\/agora.xtec.cat\/escolamestralvilanova\/?p=7726"},"modified":"2022-11-20T18:40:35","modified_gmt":"2022-11-20T17:40:35","slug":"fem-tauletes-dargila-sumeries","status":"publish","type":"post","link":"https:\/\/agora.xtec.cat\/escolamestralvilanova\/general\/fem-tauletes-dargila-sumeries\/","title":{"rendered":"FEM TAULETES D\u2019ARGILA SUMERIES!"},"content":{"rendered":"<p>Aquesta setmana seguint amb el projecte de &#8220;LES LLETRES I L&#8217;ESCRIPTURA&#8221; hem comen\u00e7at a crear les nostres pr\u00f2pies tauletes d&#8217;argila Sum\u00e8ries.<\/p>\n<p>Primer les i els alumnes van transcriure el seu nom seguint un alfabet sumeri en un full de paper.<\/p>\n<p>Despr\u00e9s van modelar un tros d&#8217;argila fins a convertir-lo en una taula per transcriure-hi el seu nom.<\/p>\n<p>Tots s&#8217;ho van passar d&#8217;all\u00f2 m\u00e9s b\u00e9!<\/p>\n<ul>\n<li><a href=\"https:\/\/photos.app.goo.gl\/QszWBjNy6ntdDwTR9\">ENLLA\u00c7 A LES FOTOGRAFIES<\/a><\/li>\n<\/ul>\n<p><a href=\"https:\/\/photos.app.goo.gl\/QszWBjNy6ntdDwTR9\"><img loading=\"lazy\" decoding=\"async\" class=\"alignnone size-medium wp-image-7727\" src=\"https:\/\/agora.xtec.cat\/escolamestralvilanova\/wp-content\/uploads\/usu729\/2022\/11\/portada-1-300x222.jpg\" alt=\"\" width=\"300\" height=\"222\" srcset=\"https:\/\/agora.xtec.cat\/escolamestralvilanova\/wp-content\/uploads\/usu729\/2022\/11\/portada-1-300x222.jpg 300w, https:\/\/agora.xtec.cat\/escolamestralvilanova\/wp-content\/uploads\/usu729\/2022\/11\/portada-1-1024x759.jpg 1024w, https:\/\/agora.xtec.cat\/escolamestralvilanova\/wp-content\/uploads\/usu729\/2022\/11\/portada-1-768x569.jpg 768w, https:\/\/agora.xtec.cat\/escolamestralvilanova\/wp-content\/uploads\/usu729\/2022\/11\/portada-1-1536x1138.jpg 1536w, https:\/\/agora.xtec.cat\/escolamestralvilanova\/wp-content\/uploads\/usu729\/2022\/11\/portada-1.jpg 1561w\" sizes=\"auto, (max-width: 300px) 100vw, 300px\" \/><\/a><\/p>\n","protected":false},"excerpt":{"rendered":"<p>Aquesta setmana seguint amb el projecte de &#8220;LES LLETRES I L&#8217;ESCRIPTURA&#8221; hem comen\u00e7at a crear les nostres pr\u00f2pies tauletes d&#8217;argila Sum\u00e8ries.<br \/>\nPrimer les i els alumnes van transcriure el seu nom seguint un alfabet sumeri en un full de paper.<br \/>\nDespr\u00e9s van modelar un tros d&#8217;argila fins&hellip;  <a href=\"https:\/\/agora.xtec.cat\/escolamestralvilanova\/general\/fem-tauletes-dargila-sumeries\/\" title=\"Read FEM TAULETES D\u2019ARGILA SUMERIES!\">Llegeix m\u00e9s\u00bb<\/a><\/p>\n","protected":false},"author":1,"featured_media":0,"comment_status":"open","ping_status":"closed","sticky":false,"template":"","format":"standard","meta":{"_bbp_topic_count":0,"_bbp_reply_count":0,"_bbp_total_topic_count":0,"_bbp_total_reply_count":0,"_bbp_voice_count":0,"_bbp_anonymous_reply_count":0,"_bbp_topic_count_hidden":0,"_bbp_reply_count_hidden":0,"_bbp_forum_subforum_count":0,"footnotes":""},"categories":[1,2,4,5],"tags":[],"class_list":["post-7726","post","type-post","status-publish","format-standard","hentry","category-general","category-infantil","category-portada","category-primaria"],"post_mailing_queue_ids":[],"_links":{"self":[{"href":"https:\/\/agora.xtec.cat\/escolamestralvilanova\/wp-json\/wp\/v2\/posts\/7726","targetHints":{"allow":["GET"]}}],"collection":[{"href":"https:\/\/agora.xtec.cat\/escolamestralvilanova\/wp-json\/wp\/v2\/posts"}],"about":[{"href":"https:\/\/agora.xtec.cat\/escolamestralvilanova\/wp-json\/wp\/v2\/types\/post"}],"author":[{"embeddable":true,"href":"https:\/\/agora.xtec.cat\/escolamestralvilanova\/wp-json\/wp\/v2\/users\/1"}],"replies":[{"embeddable":true,"href":"https:\/\/agora.xtec.cat\/escolamestralvilanova\/wp-json\/wp\/v2\/comments?post=7726"}],"version-history":[{"count":2,"href":"https:\/\/agora.xtec.cat\/escolamestralvilanova\/wp-json\/wp\/v2\/posts\/7726\/revisions"}],"predecessor-version":[{"id":7729,"href":"https:\/\/agora.xtec.cat\/escolamestralvilanova\/wp-json\/wp\/v2\/posts\/7726\/revisions\/7729"}],"wp:attachment":[{"href":"https:\/\/agora.xtec.cat\/escolamestralvilanova\/wp-json\/wp\/v2\/media?parent=7726"}],"wp:term":[{"taxonomy":"category","embeddable":true,"href":"https:\/\/agora.xtec.cat\/escolamestralvilanova\/wp-json\/wp\/v2\/categories?post=7726"},{"taxonomy":"post_tag","embeddable":true,"href":"https:\/\/agora.xtec.cat\/escolamestralvilanova\/wp-json\/wp\/v2\/tags?post=7726"}],"curies":[{"name":"wp","href":"https:\/\/api.w.org\/{rel}","templated":true}]}}