{"id":7693,"date":"2022-11-15T10:16:32","date_gmt":"2022-11-15T09:16:32","guid":{"rendered":"https:\/\/agora.xtec.cat\/escolamestralvilanova\/?p=7693"},"modified":"2022-11-16T16:17:16","modified_gmt":"2022-11-16T15:17:16","slug":"pintem-les-emocions-2","status":"publish","type":"post","link":"https:\/\/agora.xtec.cat\/escolamestralvilanova\/portada\/pintem-les-emocions-2\/","title":{"rendered":"PINTEM LES EMOCIONS!"},"content":{"rendered":"<p>Emmarcat dins el centre d&#8217;inter\u00e8s &#8220;Em conec i m&#8217;estimo&#8221;, els infants de cicle inicial hem realitzat l&#8217;activitat: PINTEM LES EMOCIONS.<\/p>\n<p>Despr\u00e9s de descriure i identificar les 6 emocions b\u00e0siques, les hem plasmat per mitj\u00e0 de la t\u00e8cnica de l&#8217;aquarel\u00b7la en un llibret creat per nosaltres mateixos. Ara darrere de cada expressi\u00f3 pl\u00e0stica escriurem un moment que ens evoqui aquella emoci\u00f3.<\/p>\n<p>Ens ha encantat l&#8217;activitat!<\/p>\n<ul>\n<li><a href=\"https:\/\/photos.app.goo.gl\/FAnx2DKDe1j9yoJR9\">ENLLA\u00c7 A LES FOTOGRAFIES<\/a><\/li>\n<\/ul>\n<p><a href=\"https:\/\/photos.app.goo.gl\/FAnx2DKDe1j9yoJR9\"><img loading=\"lazy\" decoding=\"async\" class=\"alignnone wp-image-7694 size-medium\" src=\"https:\/\/agora.xtec.cat\/escolamestralvilanova\/wp-content\/uploads\/usu729\/2022\/11\/IMG-8494-258x300.jpg\" alt=\"\" width=\"258\" height=\"300\" srcset=\"https:\/\/agora.xtec.cat\/escolamestralvilanova\/wp-content\/uploads\/usu729\/2022\/11\/IMG-8494-258x300.jpg 258w, https:\/\/agora.xtec.cat\/escolamestralvilanova\/wp-content\/uploads\/usu729\/2022\/11\/IMG-8494-881x1024.jpg 881w, https:\/\/agora.xtec.cat\/escolamestralvilanova\/wp-content\/uploads\/usu729\/2022\/11\/IMG-8494-768x893.jpg 768w, https:\/\/agora.xtec.cat\/escolamestralvilanova\/wp-content\/uploads\/usu729\/2022\/11\/IMG-8494-1321x1536.jpg 1321w, https:\/\/agora.xtec.cat\/escolamestralvilanova\/wp-content\/uploads\/usu729\/2022\/11\/IMG-8494.jpg 1439w\" sizes=\"auto, (max-width: 258px) 100vw, 258px\" \/><\/a><\/p>\n","protected":false},"excerpt":{"rendered":"<p>Emmarcat dins el centre d&#8217;inter\u00e8s &#8220;Em conec i m&#8217;estimo&#8221;, els infants de cicle inicial hem realitzat l&#8217;activitat: PINTEM LES EMOCIONS.<br \/>\nDespr\u00e9s de descriure i identificar les 6 emocions b\u00e0siques, les hem plasmat per mitj\u00e0 de la t\u00e8cnica de l&#8217;aquarel\u00b7la en un llibret creat per nosaltres mateixos.&hellip;  <a href=\"https:\/\/agora.xtec.cat\/escolamestralvilanova\/portada\/pintem-les-emocions-2\/\" title=\"Read PINTEM LES EMOCIONS!\">Llegeix m\u00e9s\u00bb<\/a><\/p>\n","protected":false},"author":6,"featured_media":0,"comment_status":"open","ping_status":"closed","sticky":false,"template":"","format":"standard","meta":{"_bbp_topic_count":0,"_bbp_reply_count":0,"_bbp_total_topic_count":0,"_bbp_total_reply_count":0,"_bbp_voice_count":0,"_bbp_anonymous_reply_count":0,"_bbp_topic_count_hidden":0,"_bbp_reply_count_hidden":0,"_bbp_forum_subforum_count":0,"footnotes":""},"categories":[11,4,5],"tags":[],"class_list":["post-7693","post","type-post","status-publish","format-standard","hentry","category-cicle-inicial","category-portada","category-primaria"],"post_mailing_queue_ids":[],"_links":{"self":[{"href":"https:\/\/agora.xtec.cat\/escolamestralvilanova\/wp-json\/wp\/v2\/posts\/7693","targetHints":{"allow":["GET"]}}],"collection":[{"href":"https:\/\/agora.xtec.cat\/escolamestralvilanova\/wp-json\/wp\/v2\/posts"}],"about":[{"href":"https:\/\/agora.xtec.cat\/escolamestralvilanova\/wp-json\/wp\/v2\/types\/post"}],"author":[{"embeddable":true,"href":"https:\/\/agora.xtec.cat\/escolamestralvilanova\/wp-json\/wp\/v2\/users\/6"}],"replies":[{"embeddable":true,"href":"https:\/\/agora.xtec.cat\/escolamestralvilanova\/wp-json\/wp\/v2\/comments?post=7693"}],"version-history":[{"count":2,"href":"https:\/\/agora.xtec.cat\/escolamestralvilanova\/wp-json\/wp\/v2\/posts\/7693\/revisions"}],"predecessor-version":[{"id":7701,"href":"https:\/\/agora.xtec.cat\/escolamestralvilanova\/wp-json\/wp\/v2\/posts\/7693\/revisions\/7701"}],"wp:attachment":[{"href":"https:\/\/agora.xtec.cat\/escolamestralvilanova\/wp-json\/wp\/v2\/media?parent=7693"}],"wp:term":[{"taxonomy":"category","embeddable":true,"href":"https:\/\/agora.xtec.cat\/escolamestralvilanova\/wp-json\/wp\/v2\/categories?post=7693"},{"taxonomy":"post_tag","embeddable":true,"href":"https:\/\/agora.xtec.cat\/escolamestralvilanova\/wp-json\/wp\/v2\/tags?post=7693"}],"curies":[{"name":"wp","href":"https:\/\/api.w.org\/{rel}","templated":true}]}}