{"id":7677,"date":"2022-11-10T19:13:08","date_gmt":"2022-11-10T18:13:08","guid":{"rendered":"https:\/\/agora.xtec.cat\/escolamestralvilanova\/?p=7677"},"modified":"2022-11-10T19:13:08","modified_gmt":"2022-11-10T18:13:08","slug":"practica-de-retallar","status":"publish","type":"post","link":"https:\/\/agora.xtec.cat\/escolamestralvilanova\/infantil\/practica-de-retallar\/","title":{"rendered":"PR\u00c0CTICA DE RETALLAR"},"content":{"rendered":"<p style=\"text-align: justify;\">Fa alguns divendres, abans d\u2019endinsar-nos en el nou projecte de pl\u00e0stica de l\u2019escola, vam haver de practicar una acci\u00f3 molt important per dir a terme tot tipus de producci\u00f3 art\u00edstica: retallar!!!<\/p>\n<p style=\"text-align: justify;\">Aqu\u00ed podeu veure la proposta de petites cortines enganxades a les taules on pod\u00edem practicar amb les tisores passant per camins diferents.<\/p>\n<p style=\"text-align: justify;\">Ens ho vam passar d\u2019all\u00f2 m\u00e9s b\u00e9!<\/p>\n<ul>\n<li><a href=\"https:\/\/photos.app.goo.gl\/CytMb3amPeg8iD6i6\">ENLLA\u00c7 A LES FOTOGRAFIES<\/a><\/li>\n<\/ul>\n<p><a href=\"https:\/\/photos.app.goo.gl\/CytMb3amPeg8iD6i6\"><img loading=\"lazy\" decoding=\"async\" class=\"alignnone size-medium wp-image-7678\" src=\"https:\/\/agora.xtec.cat\/escolamestralvilanova\/wp-content\/uploads\/usu729\/2022\/11\/IMG_0635-254x300.jpg\" alt=\"\" width=\"254\" height=\"300\" srcset=\"https:\/\/agora.xtec.cat\/escolamestralvilanova\/wp-content\/uploads\/usu729\/2022\/11\/IMG_0635-254x300.jpg 254w, https:\/\/agora.xtec.cat\/escolamestralvilanova\/wp-content\/uploads\/usu729\/2022\/11\/IMG_0635-869x1024.jpg 869w, https:\/\/agora.xtec.cat\/escolamestralvilanova\/wp-content\/uploads\/usu729\/2022\/11\/IMG_0635-768x906.jpg 768w, https:\/\/agora.xtec.cat\/escolamestralvilanova\/wp-content\/uploads\/usu729\/2022\/11\/IMG_0635.jpg 983w\" sizes=\"auto, (max-width: 254px) 100vw, 254px\" \/><\/a><\/p>\n","protected":false},"excerpt":{"rendered":"<p>Fa alguns divendres, abans d\u2019endinsar-nos en el nou projecte de pl\u00e0stica de l\u2019escola, vam haver de practicar una acci\u00f3 molt important per dir a terme tot tipus de producci\u00f3 art\u00edstica: retallar!!!<br \/>\nAqu\u00ed podeu veure la proposta de petites cortines enganxades a les taules on pod\u00edem practicar&hellip;  <a href=\"https:\/\/agora.xtec.cat\/escolamestralvilanova\/infantil\/practica-de-retallar\/\" title=\"Read PR\u00c0CTICA DE RETALLAR\">Llegeix m\u00e9s\u00bb<\/a><\/p>\n","protected":false},"author":1,"featured_media":0,"comment_status":"open","ping_status":"closed","sticky":false,"template":"","format":"standard","meta":{"_bbp_topic_count":0,"_bbp_reply_count":0,"_bbp_total_topic_count":0,"_bbp_total_reply_count":0,"_bbp_voice_count":0,"_bbp_anonymous_reply_count":0,"_bbp_topic_count_hidden":0,"_bbp_reply_count_hidden":0,"_bbp_forum_subforum_count":0,"footnotes":""},"categories":[3,2,4],"tags":[],"class_list":["post-7677","post","type-post","status-publish","format-standard","hentry","category-ei3-ei4-ei5","category-infantil","category-portada"],"post_mailing_queue_ids":[],"_links":{"self":[{"href":"https:\/\/agora.xtec.cat\/escolamestralvilanova\/wp-json\/wp\/v2\/posts\/7677","targetHints":{"allow":["GET"]}}],"collection":[{"href":"https:\/\/agora.xtec.cat\/escolamestralvilanova\/wp-json\/wp\/v2\/posts"}],"about":[{"href":"https:\/\/agora.xtec.cat\/escolamestralvilanova\/wp-json\/wp\/v2\/types\/post"}],"author":[{"embeddable":true,"href":"https:\/\/agora.xtec.cat\/escolamestralvilanova\/wp-json\/wp\/v2\/users\/1"}],"replies":[{"embeddable":true,"href":"https:\/\/agora.xtec.cat\/escolamestralvilanova\/wp-json\/wp\/v2\/comments?post=7677"}],"version-history":[{"count":1,"href":"https:\/\/agora.xtec.cat\/escolamestralvilanova\/wp-json\/wp\/v2\/posts\/7677\/revisions"}],"predecessor-version":[{"id":7679,"href":"https:\/\/agora.xtec.cat\/escolamestralvilanova\/wp-json\/wp\/v2\/posts\/7677\/revisions\/7679"}],"wp:attachment":[{"href":"https:\/\/agora.xtec.cat\/escolamestralvilanova\/wp-json\/wp\/v2\/media?parent=7677"}],"wp:term":[{"taxonomy":"category","embeddable":true,"href":"https:\/\/agora.xtec.cat\/escolamestralvilanova\/wp-json\/wp\/v2\/categories?post=7677"},{"taxonomy":"post_tag","embeddable":true,"href":"https:\/\/agora.xtec.cat\/escolamestralvilanova\/wp-json\/wp\/v2\/tags?post=7677"}],"curies":[{"name":"wp","href":"https:\/\/api.w.org\/{rel}","templated":true}]}}