{"id":7661,"date":"2022-11-09T09:00:22","date_gmt":"2022-11-09T08:00:22","guid":{"rendered":"https:\/\/agora.xtec.cat\/escolamestralvilanova\/?p=7661"},"modified":"2022-11-08T23:36:34","modified_gmt":"2022-11-08T22:36:34","slug":"projecte-vincles-ei3","status":"publish","type":"post","link":"https:\/\/agora.xtec.cat\/escolamestralvilanova\/infantil\/projecte-vincles-ei3\/","title":{"rendered":"PROJECTE VINCLES EI3"},"content":{"rendered":"<p style=\"text-align: justify;\">Aquesta setmana iniciem el projecte Vincles, a trav\u00e9s del qual volem donar espai i temps als lla\u00e7os que estableixen entre els infants, les fam\u00edlies i l&#8217;escola.<\/p>\n<p style=\"text-align: justify;\">Aquesta setmana, el protagonista \u00e9s el Leo i ens ha portat fotografies dels seus 3 anys de vida, que ens ha explicat amb detall cadascuna.<\/p>\n<p style=\"text-align: justify;\">Dimarts a la tarda \u00a0els pares del Leo i l&#8217;Ona han vingut a l&#8217;aula i ens han preparat una activitat manipulativa i molt engrescadora! Ens han ensenyat a fer plastilina de colors amb farina, sal, aigua, oli i colorant.<\/p>\n<p style=\"text-align: justify;\">Ens ho hem passat molt b\u00e9.<\/p>\n<p style=\"text-align: justify;\">Gr\u00e0cies fam\u00edlia!<\/p>\n<ul>\n<li><a href=\"https:\/\/photos.app.goo.gl\/UdRgetP3qkuGJ88e7\">ENLLA\u00c7 A LES FOTOGRAFIES<\/a><\/li>\n<\/ul>\n<p><a href=\"https:\/\/photos.app.goo.gl\/UdRgetP3qkuGJ88e7\"><img loading=\"lazy\" decoding=\"async\" class=\"alignnone size-medium wp-image-7662\" src=\"https:\/\/agora.xtec.cat\/escolamestralvilanova\/wp-content\/uploads\/usu729\/2022\/11\/20221108_162232-300x225.jpg\" alt=\"\" width=\"300\" height=\"225\" srcset=\"https:\/\/agora.xtec.cat\/escolamestralvilanova\/wp-content\/uploads\/usu729\/2022\/11\/20221108_162232-300x225.jpg 300w, https:\/\/agora.xtec.cat\/escolamestralvilanova\/wp-content\/uploads\/usu729\/2022\/11\/20221108_162232-768x576.jpg 768w, https:\/\/agora.xtec.cat\/escolamestralvilanova\/wp-content\/uploads\/usu729\/2022\/11\/20221108_162232-200x150.jpg 200w, https:\/\/agora.xtec.cat\/escolamestralvilanova\/wp-content\/uploads\/usu729\/2022\/11\/20221108_162232.jpg 1000w\" sizes=\"auto, (max-width: 300px) 100vw, 300px\" \/><\/a><\/p>\n<div dir=\"auto\"><\/div>\n","protected":false},"excerpt":{"rendered":"<p>Aquesta setmana iniciem el projecte Vincles, a trav\u00e9s del qual volem donar espai i temps als lla\u00e7os que estableixen entre els infants, les fam\u00edlies i l&#8217;escola.<br \/>\nAquesta setmana, el protagonista \u00e9s el Leo i ens ha portat fotografies dels seus 3 anys de vida, que ens&hellip;  <a href=\"https:\/\/agora.xtec.cat\/escolamestralvilanova\/infantil\/projecte-vincles-ei3\/\" title=\"Read PROJECTE VINCLES EI3\">Llegeix m\u00e9s\u00bb<\/a><\/p>\n","protected":false},"author":1,"featured_media":0,"comment_status":"open","ping_status":"closed","sticky":false,"template":"","format":"standard","meta":{"_bbp_topic_count":0,"_bbp_reply_count":0,"_bbp_total_topic_count":0,"_bbp_total_reply_count":0,"_bbp_voice_count":0,"_bbp_anonymous_reply_count":0,"_bbp_topic_count_hidden":0,"_bbp_reply_count_hidden":0,"_bbp_forum_subforum_count":0,"footnotes":""},"categories":[3,2,4],"tags":[],"class_list":["post-7661","post","type-post","status-publish","format-standard","hentry","category-ei3-ei4-ei5","category-infantil","category-portada"],"post_mailing_queue_ids":[],"_links":{"self":[{"href":"https:\/\/agora.xtec.cat\/escolamestralvilanova\/wp-json\/wp\/v2\/posts\/7661","targetHints":{"allow":["GET"]}}],"collection":[{"href":"https:\/\/agora.xtec.cat\/escolamestralvilanova\/wp-json\/wp\/v2\/posts"}],"about":[{"href":"https:\/\/agora.xtec.cat\/escolamestralvilanova\/wp-json\/wp\/v2\/types\/post"}],"author":[{"embeddable":true,"href":"https:\/\/agora.xtec.cat\/escolamestralvilanova\/wp-json\/wp\/v2\/users\/1"}],"replies":[{"embeddable":true,"href":"https:\/\/agora.xtec.cat\/escolamestralvilanova\/wp-json\/wp\/v2\/comments?post=7661"}],"version-history":[{"count":2,"href":"https:\/\/agora.xtec.cat\/escolamestralvilanova\/wp-json\/wp\/v2\/posts\/7661\/revisions"}],"predecessor-version":[{"id":7665,"href":"https:\/\/agora.xtec.cat\/escolamestralvilanova\/wp-json\/wp\/v2\/posts\/7661\/revisions\/7665"}],"wp:attachment":[{"href":"https:\/\/agora.xtec.cat\/escolamestralvilanova\/wp-json\/wp\/v2\/media?parent=7661"}],"wp:term":[{"taxonomy":"category","embeddable":true,"href":"https:\/\/agora.xtec.cat\/escolamestralvilanova\/wp-json\/wp\/v2\/categories?post=7661"},{"taxonomy":"post_tag","embeddable":true,"href":"https:\/\/agora.xtec.cat\/escolamestralvilanova\/wp-json\/wp\/v2\/tags?post=7661"}],"curies":[{"name":"wp","href":"https:\/\/api.w.org\/{rel}","templated":true}]}}