{"id":7631,"date":"2022-11-04T13:14:05","date_gmt":"2022-11-04T12:14:05","guid":{"rendered":"https:\/\/agora.xtec.cat\/escolamestralvilanova\/?p=7631"},"modified":"2022-11-04T13:14:53","modified_gmt":"2022-11-04T12:14:53","slug":"el-pare-de-lodin-ens-porta-un-ecograf","status":"publish","type":"post","link":"https:\/\/agora.xtec.cat\/escolamestralvilanova\/portada\/el-pare-de-lodin-ens-porta-un-ecograf\/","title":{"rendered":"EL PARE DE L&#8217;OD\u00cdN ENS PORTA UN EC\u00d2GRAF!"},"content":{"rendered":"<p>Avui hem tingut una visita molt especial a l&#8217;aula de cicle inicial.<\/p>\n<p>El pare de l&#8217;Od\u00edn, l&#8217;Alejandro, \u00e9s infermer i treballa a l&#8217;\u00e0rea de radiologia de l&#8217;Hospital Arnau de Vilanova situat a Lleida.<\/p>\n<p>Donat que a l&#8217;aula de cicle inicial estem estudiant el cos hum\u00e0, avui l&#8217;Alejandro ens ha portat un ec\u00f2graf i hem pogut observar i sentir el nostre cos per dins. Hem pogut veure les venes, les art\u00e8ries, els ossos i algun \u00f2rgan del nostre cos.<\/p>\n<p>Ens ha encantat! Moltes gr\u00e0cies Alejandro!<\/p>\n<ul>\n<li><a href=\"https:\/\/photos.app.goo.gl\/FPXrEc2bjgC5K6GA8\">ENLLA\u00c7 A LES FOTOGRAFIES<\/a><\/li>\n<\/ul>\n<p><a href=\"https:\/\/agora.xtec.cat\/escolamestralvilanova\/wp-content\/uploads\/usu729\/2022\/11\/IMG-8371.jpg\"><img loading=\"lazy\" decoding=\"async\" class=\"alignnone size-large wp-image-7632\" src=\"https:\/\/agora.xtec.cat\/escolamestralvilanova\/wp-content\/uploads\/usu729\/2022\/11\/IMG-8371-1024x923.jpg\" alt=\"\" width=\"1024\" height=\"923\" srcset=\"https:\/\/agora.xtec.cat\/escolamestralvilanova\/wp-content\/uploads\/usu729\/2022\/11\/IMG-8371-1024x923.jpg 1024w, https:\/\/agora.xtec.cat\/escolamestralvilanova\/wp-content\/uploads\/usu729\/2022\/11\/IMG-8371-300x271.jpg 300w, https:\/\/agora.xtec.cat\/escolamestralvilanova\/wp-content\/uploads\/usu729\/2022\/11\/IMG-8371-768x692.jpg 768w, https:\/\/agora.xtec.cat\/escolamestralvilanova\/wp-content\/uploads\/usu729\/2022\/11\/IMG-8371-1536x1385.jpg 1536w, https:\/\/agora.xtec.cat\/escolamestralvilanova\/wp-content\/uploads\/usu729\/2022\/11\/IMG-8371.jpg 1800w\" sizes=\"auto, (max-width: 1024px) 100vw, 1024px\" \/><\/a><\/p>\n","protected":false},"excerpt":{"rendered":"<p>Avui hem tingut una visita molt especial a l&#8217;aula de cicle inicial.<br \/>\nEl pare de l&#8217;Od\u00edn, l&#8217;Alejandro, \u00e9s infermer i treballa a l&#8217;\u00e0rea de radiologia de l&#8217;Hospital Arnau de Vilanova situat a Lleida.<br \/>\nDonat que a l&#8217;aula de cicle inicial estem estudiant el cos hum\u00e0, avui l&#8217;Alejandro&hellip;  <a href=\"https:\/\/agora.xtec.cat\/escolamestralvilanova\/portada\/el-pare-de-lodin-ens-porta-un-ecograf\/\" title=\"Read EL PARE DE L&#8217;OD\u00cdN ENS PORTA UN EC\u00d2GRAF!\">Llegeix m\u00e9s\u00bb<\/a><\/p>\n","protected":false},"author":6,"featured_media":0,"comment_status":"open","ping_status":"closed","sticky":false,"template":"","format":"standard","meta":{"_bbp_topic_count":0,"_bbp_reply_count":0,"_bbp_total_topic_count":0,"_bbp_total_reply_count":0,"_bbp_voice_count":0,"_bbp_anonymous_reply_count":0,"_bbp_topic_count_hidden":0,"_bbp_reply_count_hidden":0,"_bbp_forum_subforum_count":0,"footnotes":""},"categories":[11,4,5],"tags":[],"class_list":["post-7631","post","type-post","status-publish","format-standard","hentry","category-cicle-inicial","category-portada","category-primaria"],"post_mailing_queue_ids":[],"_links":{"self":[{"href":"https:\/\/agora.xtec.cat\/escolamestralvilanova\/wp-json\/wp\/v2\/posts\/7631","targetHints":{"allow":["GET"]}}],"collection":[{"href":"https:\/\/agora.xtec.cat\/escolamestralvilanova\/wp-json\/wp\/v2\/posts"}],"about":[{"href":"https:\/\/agora.xtec.cat\/escolamestralvilanova\/wp-json\/wp\/v2\/types\/post"}],"author":[{"embeddable":true,"href":"https:\/\/agora.xtec.cat\/escolamestralvilanova\/wp-json\/wp\/v2\/users\/6"}],"replies":[{"embeddable":true,"href":"https:\/\/agora.xtec.cat\/escolamestralvilanova\/wp-json\/wp\/v2\/comments?post=7631"}],"version-history":[{"count":1,"href":"https:\/\/agora.xtec.cat\/escolamestralvilanova\/wp-json\/wp\/v2\/posts\/7631\/revisions"}],"predecessor-version":[{"id":7633,"href":"https:\/\/agora.xtec.cat\/escolamestralvilanova\/wp-json\/wp\/v2\/posts\/7631\/revisions\/7633"}],"wp:attachment":[{"href":"https:\/\/agora.xtec.cat\/escolamestralvilanova\/wp-json\/wp\/v2\/media?parent=7631"}],"wp:term":[{"taxonomy":"category","embeddable":true,"href":"https:\/\/agora.xtec.cat\/escolamestralvilanova\/wp-json\/wp\/v2\/categories?post=7631"},{"taxonomy":"post_tag","embeddable":true,"href":"https:\/\/agora.xtec.cat\/escolamestralvilanova\/wp-json\/wp\/v2\/tags?post=7631"}],"curies":[{"name":"wp","href":"https:\/\/api.w.org\/{rel}","templated":true}]}}