{"id":7626,"date":"2022-11-04T10:33:47","date_gmt":"2022-11-04T09:33:47","guid":{"rendered":"https:\/\/agora.xtec.cat\/escolamestralvilanova\/?p=7626"},"modified":"2022-11-04T10:34:27","modified_gmt":"2022-11-04T09:34:27","slug":"representem-el-nostre-cos-amb-cordes","status":"publish","type":"post","link":"https:\/\/agora.xtec.cat\/escolamestralvilanova\/portada\/representem-el-nostre-cos-amb-cordes\/","title":{"rendered":"REPRESENTEM EL NOSTRE COS AMB CORDES!"},"content":{"rendered":"<p>Els infants de cicle inicial estem treballant el centre d&#8217;inter\u00e8s del cos hum\u00e0.<\/p>\n<p>Des de l&#8217;\u00e0rea d&#8217;educaci\u00f3 f\u00edsica hem realitzat una activitat que ens ha agradat molt!<\/p>\n<p>Hem dibuixat la silueta del nostre cos amb cordes i a continuaci\u00f3 hem posat nom a les parts del cos. A poc a poc anem sent m\u00e9s conscients de com est\u00e0 format el nostre cos i del seu funcionament.<\/p>\n<p><a href=\"https:\/\/agora.xtec.cat\/escolamestralvilanova\/wp-content\/uploads\/usu729\/2022\/11\/IMG-8354.jpg\"><img loading=\"lazy\" decoding=\"async\" class=\"alignnone size-large wp-image-7627\" src=\"https:\/\/agora.xtec.cat\/escolamestralvilanova\/wp-content\/uploads\/usu729\/2022\/11\/IMG-8354-599x1024.jpg\" alt=\"\" width=\"599\" height=\"1024\" srcset=\"https:\/\/agora.xtec.cat\/escolamestralvilanova\/wp-content\/uploads\/usu729\/2022\/11\/IMG-8354-599x1024.jpg 599w, https:\/\/agora.xtec.cat\/escolamestralvilanova\/wp-content\/uploads\/usu729\/2022\/11\/IMG-8354-175x300.jpg 175w, https:\/\/agora.xtec.cat\/escolamestralvilanova\/wp-content\/uploads\/usu729\/2022\/11\/IMG-8354-768x1313.jpg 768w, https:\/\/agora.xtec.cat\/escolamestralvilanova\/wp-content\/uploads\/usu729\/2022\/11\/IMG-8354-898x1536.jpg 898w, https:\/\/agora.xtec.cat\/escolamestralvilanova\/wp-content\/uploads\/usu729\/2022\/11\/IMG-8354.jpg 1011w\" sizes=\"auto, (max-width: 599px) 100vw, 599px\" \/><\/a><\/p>\n","protected":false},"excerpt":{"rendered":"<p>Els infants de cicle inicial estem treballant el centre d&#8217;inter\u00e8s del cos hum\u00e0.<br \/>\nDes de l&#8217;\u00e0rea d&#8217;educaci\u00f3 f\u00edsica hem realitzat una activitat que ens ha agradat molt!<br \/>\nHem dibuixat la silueta del nostre cos amb cordes i a continuaci\u00f3 hem posat nom a les parts del cos.&hellip;  <a href=\"https:\/\/agora.xtec.cat\/escolamestralvilanova\/portada\/representem-el-nostre-cos-amb-cordes\/\" title=\"Read REPRESENTEM EL NOSTRE COS AMB CORDES!\">Llegeix m\u00e9s\u00bb<\/a><\/p>\n","protected":false},"author":6,"featured_media":0,"comment_status":"open","ping_status":"closed","sticky":false,"template":"","format":"standard","meta":{"_bbp_topic_count":0,"_bbp_reply_count":0,"_bbp_total_topic_count":0,"_bbp_total_reply_count":0,"_bbp_voice_count":0,"_bbp_anonymous_reply_count":0,"_bbp_topic_count_hidden":0,"_bbp_reply_count_hidden":0,"_bbp_forum_subforum_count":0,"footnotes":""},"categories":[11,4,5],"tags":[],"class_list":["post-7626","post","type-post","status-publish","format-standard","hentry","category-cicle-inicial","category-portada","category-primaria"],"post_mailing_queue_ids":[],"_links":{"self":[{"href":"https:\/\/agora.xtec.cat\/escolamestralvilanova\/wp-json\/wp\/v2\/posts\/7626","targetHints":{"allow":["GET"]}}],"collection":[{"href":"https:\/\/agora.xtec.cat\/escolamestralvilanova\/wp-json\/wp\/v2\/posts"}],"about":[{"href":"https:\/\/agora.xtec.cat\/escolamestralvilanova\/wp-json\/wp\/v2\/types\/post"}],"author":[{"embeddable":true,"href":"https:\/\/agora.xtec.cat\/escolamestralvilanova\/wp-json\/wp\/v2\/users\/6"}],"replies":[{"embeddable":true,"href":"https:\/\/agora.xtec.cat\/escolamestralvilanova\/wp-json\/wp\/v2\/comments?post=7626"}],"version-history":[{"count":3,"href":"https:\/\/agora.xtec.cat\/escolamestralvilanova\/wp-json\/wp\/v2\/posts\/7626\/revisions"}],"predecessor-version":[{"id":7630,"href":"https:\/\/agora.xtec.cat\/escolamestralvilanova\/wp-json\/wp\/v2\/posts\/7626\/revisions\/7630"}],"wp:attachment":[{"href":"https:\/\/agora.xtec.cat\/escolamestralvilanova\/wp-json\/wp\/v2\/media?parent=7626"}],"wp:term":[{"taxonomy":"category","embeddable":true,"href":"https:\/\/agora.xtec.cat\/escolamestralvilanova\/wp-json\/wp\/v2\/categories?post=7626"},{"taxonomy":"post_tag","embeddable":true,"href":"https:\/\/agora.xtec.cat\/escolamestralvilanova\/wp-json\/wp\/v2\/tags?post=7626"}],"curies":[{"name":"wp","href":"https:\/\/api.w.org\/{rel}","templated":true}]}}