{"id":7574,"date":"2022-10-26T09:00:02","date_gmt":"2022-10-26T07:00:02","guid":{"rendered":"https:\/\/agora.xtec.cat\/escolamestralvilanova\/?p=7574"},"modified":"2022-10-25T23:42:13","modified_gmt":"2022-10-25T21:42:13","slug":"ritme-i-percussio-amb-pots","status":"publish","type":"post","link":"https:\/\/agora.xtec.cat\/escolamestralvilanova\/portada\/ritme-i-percussio-amb-pots\/","title":{"rendered":"RITME I PERCUSSI\u00d3 AMB POTS"},"content":{"rendered":"<p>Els alumnes de CS estem treballant a l&#8217;aula de m\u00fasica el ritme i la percussi\u00f3 amb pots.<\/p>\n<p>Ens ho estem passant molt b\u00e9!<\/p>\n<p><a href=\"https:\/\/drive.google.com\/file\/d\/14Q_ubp2EZ7TzbJFWCTWlLocfPR4-D77E\/view?usp=sharing\"><img loading=\"lazy\" decoding=\"async\" class=\"alignnone size-medium wp-image-7575\" src=\"https:\/\/agora.xtec.cat\/escolamestralvilanova\/wp-content\/uploads\/usu729\/2022\/10\/Captura-de-Pantalla-2022-10-25-a-les-23.39.24-300x158.png\" alt=\"\" width=\"300\" height=\"158\" srcset=\"https:\/\/agora.xtec.cat\/escolamestralvilanova\/wp-content\/uploads\/usu729\/2022\/10\/Captura-de-Pantalla-2022-10-25-a-les-23.39.24-300x158.png 300w, https:\/\/agora.xtec.cat\/escolamestralvilanova\/wp-content\/uploads\/usu729\/2022\/10\/Captura-de-Pantalla-2022-10-25-a-les-23.39.24-768x406.png 768w, https:\/\/agora.xtec.cat\/escolamestralvilanova\/wp-content\/uploads\/usu729\/2022\/10\/Captura-de-Pantalla-2022-10-25-a-les-23.39.24.png 1000w\" sizes=\"auto, (max-width: 300px) 100vw, 300px\" \/><\/a><\/p>\n","protected":false},"excerpt":{"rendered":"<p>Els alumnes de CS estem treballant a l&#8217;aula de m\u00fasica el ritme i la percussi\u00f3 amb pots.<br \/>\nEns ho estem passant molt b\u00e9!<br \/>\n<a href=\"https:\/\/drive.google.com\/file\/d\/14Q_ubp2EZ7TzbJFWCTWlLocfPR4-D77E\/view?usp=sharing\"><\/a><\/p>\n","protected":false},"author":1,"featured_media":0,"comment_status":"open","ping_status":"closed","sticky":false,"template":"","format":"standard","meta":{"_bbp_topic_count":0,"_bbp_reply_count":0,"_bbp_total_topic_count":0,"_bbp_total_reply_count":0,"_bbp_voice_count":0,"_bbp_anonymous_reply_count":0,"_bbp_topic_count_hidden":0,"_bbp_reply_count_hidden":0,"_bbp_forum_subforum_count":0,"footnotes":""},"categories":[15,53,4],"tags":[],"class_list":["post-7574","post","type-post","status-publish","format-standard","hentry","category-cicle-superior","category-lespai-musical","category-portada"],"post_mailing_queue_ids":[],"_links":{"self":[{"href":"https:\/\/agora.xtec.cat\/escolamestralvilanova\/wp-json\/wp\/v2\/posts\/7574","targetHints":{"allow":["GET"]}}],"collection":[{"href":"https:\/\/agora.xtec.cat\/escolamestralvilanova\/wp-json\/wp\/v2\/posts"}],"about":[{"href":"https:\/\/agora.xtec.cat\/escolamestralvilanova\/wp-json\/wp\/v2\/types\/post"}],"author":[{"embeddable":true,"href":"https:\/\/agora.xtec.cat\/escolamestralvilanova\/wp-json\/wp\/v2\/users\/1"}],"replies":[{"embeddable":true,"href":"https:\/\/agora.xtec.cat\/escolamestralvilanova\/wp-json\/wp\/v2\/comments?post=7574"}],"version-history":[{"count":1,"href":"https:\/\/agora.xtec.cat\/escolamestralvilanova\/wp-json\/wp\/v2\/posts\/7574\/revisions"}],"predecessor-version":[{"id":7576,"href":"https:\/\/agora.xtec.cat\/escolamestralvilanova\/wp-json\/wp\/v2\/posts\/7574\/revisions\/7576"}],"wp:attachment":[{"href":"https:\/\/agora.xtec.cat\/escolamestralvilanova\/wp-json\/wp\/v2\/media?parent=7574"}],"wp:term":[{"taxonomy":"category","embeddable":true,"href":"https:\/\/agora.xtec.cat\/escolamestralvilanova\/wp-json\/wp\/v2\/categories?post=7574"},{"taxonomy":"post_tag","embeddable":true,"href":"https:\/\/agora.xtec.cat\/escolamestralvilanova\/wp-json\/wp\/v2\/tags?post=7574"}],"curies":[{"name":"wp","href":"https:\/\/api.w.org\/{rel}","templated":true}]}}