{"id":7551,"date":"2022-10-21T16:56:18","date_gmt":"2022-10-21T14:56:18","guid":{"rendered":"https:\/\/agora.xtec.cat\/escolamestralvilanova\/?p=7551"},"modified":"2022-10-21T16:56:18","modified_gmt":"2022-10-21T14:56:18","slug":"fem-un-prego-3","status":"publish","type":"post","link":"https:\/\/agora.xtec.cat\/escolamestralvilanova\/portada\/fem-un-prego-3\/","title":{"rendered":"FEM UN PREG\u00d3!"},"content":{"rendered":"<p>Els alumnes de Cicle Superior hem anat a l&#8217;Ajuntament per fer un preg\u00f3:<\/p>\n<blockquote><p><em>Benvolgudes fam\u00edlies,<\/em><\/p>\n<p><em>Us informem que el proper<strong>\u00a0dissabte 22 d\u2019octubre<\/strong>\u00a0a partir de les\u00a0<strong>10 hores<\/strong>\u00a0est\u00e0 previst la realitzaci\u00f3 d\u2019una\u00a0jornada de conviv\u00e8ncia amb les fam\u00edlies.<\/em><\/p>\n<p><em>Durant aquesta jornada, de car\u00e0cter totalment\u00a0<strong>voluntari<\/strong>, s\u2019ha considerat la necessitat de realitzar diferents actuacions per tal de millorar l&#8217;escola:<\/em><\/p>\n<p><em>Tornar a pintar els jocs del pati, pintar les rodes del pati, pintar la porta de la reixa, pintar el gronxador, netejar els patis i altres.<\/em><\/p>\n<p><em>Aix\u00ed, totes aquelles fam\u00edlies que estigueu interessades, us esperem el\u00a0<strong>proper dissabte 22 d\u2019octubre a les 10 hores al pati de l\u2019escola<\/strong>.<\/em><\/p>\n<p><em>Tamb\u00e9, a m\u00e9s a m\u00e9s de les actuacions previstes, podr\u00edem aprofitar per fer un\u00a0<strong>esmorzar comunitari<\/strong>.<\/em><\/p>\n<p><em>Aix\u00ed si us sembla b\u00e9 i de forma totalment volunt\u00e0ria, cada fam\u00edlia pot portar alguna cosa per esmorzar.\u00a0\u00a0Ser\u00e0 un bona oportunitat per passar una bona estona plegats.<\/em><\/p>\n<p><em>La vostra participaci\u00f3 \u00e9s molt important, entre tots i totes fem escola!<\/em><\/p>\n<p><em>Salutacions cordials<\/em><\/p><\/blockquote>\n<p><a href=\"https:\/\/drive.google.com\/file\/d\/1fDW-hiXoLbwlHEy9yQVq8sV015brlVwf\/view?usp=sharing\"><img loading=\"lazy\" decoding=\"async\" class=\"alignnone size-medium wp-image-7552\" src=\"https:\/\/agora.xtec.cat\/escolamestralvilanova\/wp-content\/uploads\/usu729\/2022\/10\/Imatge1-1-300x169.png\" alt=\"\" width=\"300\" height=\"169\" srcset=\"https:\/\/agora.xtec.cat\/escolamestralvilanova\/wp-content\/uploads\/usu729\/2022\/10\/Imatge1-1-300x169.png 300w, https:\/\/agora.xtec.cat\/escolamestralvilanova\/wp-content\/uploads\/usu729\/2022\/10\/Imatge1-1.png 640w\" sizes=\"auto, (max-width: 300px) 100vw, 300px\" \/><\/a> <a href=\"https:\/\/drive.google.com\/file\/d\/1fDW-hiXoLbwlHEy9yQVq8sV015brlVwf\/view?usp=sharing\">V\u00cdDEO PREG\u00d3<\/a><\/p>\n","protected":false},"excerpt":{"rendered":"<p>Els alumnes de Cicle Superior hem anat a l&#8217;Ajuntament per fer un preg\u00f3:<br \/>\nBenvolgudes fam\u00edlies,<br \/>\nUs informem que el proper\u00a0dissabte 22 d\u2019octubre\u00a0a partir de les\u00a010 hores\u00a0est\u00e0 previst la realitzaci\u00f3 d\u2019una\u00a0jornada de conviv\u00e8ncia amb les fam\u00edlies.<br \/>\nDurant aquesta jornada, de car\u00e0cter totalment\u00a0voluntari, s\u2019ha considerat la necessitat de realitzar diferents&hellip;  <a href=\"https:\/\/agora.xtec.cat\/escolamestralvilanova\/portada\/fem-un-prego-3\/\" title=\"Read FEM UN PREG\u00d3!\">Llegeix m\u00e9s\u00bb<\/a><\/p>\n","protected":false},"author":1,"featured_media":0,"comment_status":"open","ping_status":"closed","sticky":false,"template":"","format":"standard","meta":{"_bbp_topic_count":0,"_bbp_reply_count":0,"_bbp_total_topic_count":0,"_bbp_total_reply_count":0,"_bbp_voice_count":0,"_bbp_anonymous_reply_count":0,"_bbp_topic_count_hidden":0,"_bbp_reply_count_hidden":0,"_bbp_forum_subforum_count":0,"footnotes":""},"categories":[15,4,5],"tags":[],"class_list":["post-7551","post","type-post","status-publish","format-standard","hentry","category-cicle-superior","category-portada","category-primaria"],"post_mailing_queue_ids":[],"_links":{"self":[{"href":"https:\/\/agora.xtec.cat\/escolamestralvilanova\/wp-json\/wp\/v2\/posts\/7551","targetHints":{"allow":["GET"]}}],"collection":[{"href":"https:\/\/agora.xtec.cat\/escolamestralvilanova\/wp-json\/wp\/v2\/posts"}],"about":[{"href":"https:\/\/agora.xtec.cat\/escolamestralvilanova\/wp-json\/wp\/v2\/types\/post"}],"author":[{"embeddable":true,"href":"https:\/\/agora.xtec.cat\/escolamestralvilanova\/wp-json\/wp\/v2\/users\/1"}],"replies":[{"embeddable":true,"href":"https:\/\/agora.xtec.cat\/escolamestralvilanova\/wp-json\/wp\/v2\/comments?post=7551"}],"version-history":[{"count":1,"href":"https:\/\/agora.xtec.cat\/escolamestralvilanova\/wp-json\/wp\/v2\/posts\/7551\/revisions"}],"predecessor-version":[{"id":7553,"href":"https:\/\/agora.xtec.cat\/escolamestralvilanova\/wp-json\/wp\/v2\/posts\/7551\/revisions\/7553"}],"wp:attachment":[{"href":"https:\/\/agora.xtec.cat\/escolamestralvilanova\/wp-json\/wp\/v2\/media?parent=7551"}],"wp:term":[{"taxonomy":"category","embeddable":true,"href":"https:\/\/agora.xtec.cat\/escolamestralvilanova\/wp-json\/wp\/v2\/categories?post=7551"},{"taxonomy":"post_tag","embeddable":true,"href":"https:\/\/agora.xtec.cat\/escolamestralvilanova\/wp-json\/wp\/v2\/tags?post=7551"}],"curies":[{"name":"wp","href":"https:\/\/api.w.org\/{rel}","templated":true}]}}