{"id":7515,"date":"2022-10-20T09:49:19","date_gmt":"2022-10-20T07:49:19","guid":{"rendered":"https:\/\/agora.xtec.cat\/escolamestralvilanova\/?p=7515"},"modified":"2022-10-20T09:49:19","modified_gmt":"2022-10-20T07:49:19","slug":"our-body","status":"publish","type":"post","link":"https:\/\/agora.xtec.cat\/escolamestralvilanova\/portada\/our-body\/","title":{"rendered":"OUR BODY!"},"content":{"rendered":"<p>Els infants de cicle inicial, paral\u00b7lelament al centre d&#8217;inter\u00e8s estem treballant a l&#8217;\u00e0rea de coneixement del medi, des de l&#8217;\u00e0rea d&#8217;angl\u00e8s estem treballant tamb\u00e9 les parts del nostre cos.<\/p>\n<p>Mitjan\u00e7ant can\u00e7ons i din\u00e0miques, anem aprenent aquest vocabulari en angl\u00e8s.<\/p>\n<p>Estem molt engrescats per aprendre una nova llengua!<\/p>\n<p><a href=\"https:\/\/agora.xtec.cat\/escolamestralvilanova\/wp-content\/uploads\/usu729\/2022\/10\/IMG-8225.jpg\"><img loading=\"lazy\" decoding=\"async\" class=\"alignnone wp-image-7516 size-medium\" src=\"https:\/\/agora.xtec.cat\/escolamestralvilanova\/wp-content\/uploads\/usu729\/2022\/10\/IMG-8225-260x300.jpg\" alt=\"\" width=\"260\" height=\"300\" srcset=\"https:\/\/agora.xtec.cat\/escolamestralvilanova\/wp-content\/uploads\/usu729\/2022\/10\/IMG-8225-260x300.jpg 260w, https:\/\/agora.xtec.cat\/escolamestralvilanova\/wp-content\/uploads\/usu729\/2022\/10\/IMG-8225-888x1024.jpg 888w, https:\/\/agora.xtec.cat\/escolamestralvilanova\/wp-content\/uploads\/usu729\/2022\/10\/IMG-8225-768x885.jpg 768w, https:\/\/agora.xtec.cat\/escolamestralvilanova\/wp-content\/uploads\/usu729\/2022\/10\/IMG-8225-1332x1536.jpg 1332w, https:\/\/agora.xtec.cat\/escolamestralvilanova\/wp-content\/uploads\/usu729\/2022\/10\/IMG-8225.jpg 1439w\" sizes=\"auto, (max-width: 260px) 100vw, 260px\" \/><\/a><\/p>\n<p>&nbsp;<\/p>\n","protected":false},"excerpt":{"rendered":"<p>Els infants de cicle inicial, paral\u00b7lelament al centre d&#8217;inter\u00e8s estem treballant a l&#8217;\u00e0rea de coneixement del medi, des de l&#8217;\u00e0rea d&#8217;angl\u00e8s estem treballant tamb\u00e9 les parts del nostre cos.<br \/>\nMitjan\u00e7ant can\u00e7ons i din\u00e0miques, anem aprenent aquest vocabulari en angl\u00e8s.<br \/>\nEstem molt engrescats per aprendre una nova llengua!<br \/>\n<a&hellip;  <a href=\"https:\/\/agora.xtec.cat\/escolamestralvilanova\/portada\/our-body\/\" title=\"Read OUR BODY!\">Llegeix m\u00e9s\u00bb<\/a><\/p>\n","protected":false},"author":6,"featured_media":0,"comment_status":"open","ping_status":"closed","sticky":false,"template":"","format":"standard","meta":{"_bbp_topic_count":0,"_bbp_reply_count":0,"_bbp_total_topic_count":0,"_bbp_total_reply_count":0,"_bbp_voice_count":0,"_bbp_anonymous_reply_count":0,"_bbp_topic_count_hidden":0,"_bbp_reply_count_hidden":0,"_bbp_forum_subforum_count":0,"footnotes":""},"categories":[55,11,4,5],"tags":[],"class_list":["post-7515","post","type-post","status-publish","format-standard","hentry","category-aicle","category-cicle-inicial","category-portada","category-primaria"],"post_mailing_queue_ids":[],"_links":{"self":[{"href":"https:\/\/agora.xtec.cat\/escolamestralvilanova\/wp-json\/wp\/v2\/posts\/7515","targetHints":{"allow":["GET"]}}],"collection":[{"href":"https:\/\/agora.xtec.cat\/escolamestralvilanova\/wp-json\/wp\/v2\/posts"}],"about":[{"href":"https:\/\/agora.xtec.cat\/escolamestralvilanova\/wp-json\/wp\/v2\/types\/post"}],"author":[{"embeddable":true,"href":"https:\/\/agora.xtec.cat\/escolamestralvilanova\/wp-json\/wp\/v2\/users\/6"}],"replies":[{"embeddable":true,"href":"https:\/\/agora.xtec.cat\/escolamestralvilanova\/wp-json\/wp\/v2\/comments?post=7515"}],"version-history":[{"count":1,"href":"https:\/\/agora.xtec.cat\/escolamestralvilanova\/wp-json\/wp\/v2\/posts\/7515\/revisions"}],"predecessor-version":[{"id":7517,"href":"https:\/\/agora.xtec.cat\/escolamestralvilanova\/wp-json\/wp\/v2\/posts\/7515\/revisions\/7517"}],"wp:attachment":[{"href":"https:\/\/agora.xtec.cat\/escolamestralvilanova\/wp-json\/wp\/v2\/media?parent=7515"}],"wp:term":[{"taxonomy":"category","embeddable":true,"href":"https:\/\/agora.xtec.cat\/escolamestralvilanova\/wp-json\/wp\/v2\/categories?post=7515"},{"taxonomy":"post_tag","embeddable":true,"href":"https:\/\/agora.xtec.cat\/escolamestralvilanova\/wp-json\/wp\/v2\/tags?post=7515"}],"curies":[{"name":"wp","href":"https:\/\/api.w.org\/{rel}","templated":true}]}}