{"id":746,"date":"2018-10-17T21:03:54","date_gmt":"2018-10-17T19:03:54","guid":{"rendered":"http:\/\/agora.xtec.cat\/escolamestralvilanova\/?p=746"},"modified":"2018-10-17T21:53:09","modified_gmt":"2018-10-17T19:53:09","slug":"fem-un-prego","status":"publish","type":"post","link":"https:\/\/agora.xtec.cat\/escolamestralvilanova\/portada\/fem-un-prego\/","title":{"rendered":"FEM UN PREG\u00d3"},"content":{"rendered":"<p>Avui els alumnes de sis\u00e8 hem anat a l&#8217;Ajuntament a fer un preg\u00f3 sobre la <em>Jornada de Conviv\u00e8ncia amb Fam\u00edlies<\/em>, ha sigut una gran experi\u00e8ncia!<\/p>\n<ul>\n<li><a href=\"https:\/\/drive.google.com\/file\/d\/17TfUSd24CnKgDSoO3_qmT_cN_uKVhhDk\/view?usp=sharing\">V\u00cdDEO DEL PREG\u00d3<\/a><\/li>\n<\/ul>\n<p><a href=\"http:\/\/agora.xtec.cat\/escolamestralvilanova\/general\/fem-un-prego\/attachment\/img_6418\/\" rel=\"attachment wp-att-747\"><img loading=\"lazy\" decoding=\"async\" class=\"wp-image-747 size-medium aligncenter\" src=\"https:\/\/agora.xtec.cat\/escolamestralvilanova\/wp-content\/uploads\/usu729\/2018\/10\/IMG_6418-300x206.jpg\" alt=\"\" width=\"300\" height=\"206\" srcset=\"https:\/\/agora.xtec.cat\/escolamestralvilanova\/wp-content\/uploads\/usu729\/2018\/10\/IMG_6418-300x206.jpg 300w, https:\/\/agora.xtec.cat\/escolamestralvilanova\/wp-content\/uploads\/usu729\/2018\/10\/IMG_6418-768x528.jpg 768w, https:\/\/agora.xtec.cat\/escolamestralvilanova\/wp-content\/uploads\/usu729\/2018\/10\/IMG_6418-1024x704.jpg 1024w\" sizes=\"auto, (max-width: 300px) 100vw, 300px\" \/><\/a><\/p>\n","protected":false},"excerpt":{"rendered":"<p>Avui els alumnes de sis\u00e8 hem anat a l&#8217;Ajuntament a fer un preg\u00f3 sobre la Jornada de Conviv\u00e8ncia amb Fam\u00edlies, ha sigut una gran experi\u00e8ncia!<\/p>\n<ul>\n<li><a href=\"https:\/\/drive.google.com\/file\/d\/17TfUSd24CnKgDSoO3_qmT_cN_uKVhhDk\/view?usp=sharing\">V\u00cdDEO DEL PREG\u00d3<\/a><\/li>\n<\/ul>\n<p><a href=\"http:\/\/agora.xtec.cat\/escolamestralvilanova\/general\/fem-un-prego\/attachment\/img_6418\/\" rel=\"attachment wp-att-747\"><\/a><\/p>\n","protected":false},"author":1,"featured_media":0,"comment_status":"open","ping_status":"closed","sticky":false,"template":"","format":"standard","meta":{"_bbp_topic_count":0,"_bbp_reply_count":0,"_bbp_total_topic_count":0,"_bbp_total_reply_count":0,"_bbp_voice_count":0,"_bbp_anonymous_reply_count":0,"_bbp_topic_count_hidden":0,"_bbp_reply_count_hidden":0,"_bbp_forum_subforum_count":0,"footnotes":""},"categories":[15,4,5],"tags":[],"class_list":["post-746","post","type-post","status-publish","format-standard","hentry","category-cicle-superior","category-portada","category-primaria"],"post_mailing_queue_ids":[],"_links":{"self":[{"href":"https:\/\/agora.xtec.cat\/escolamestralvilanova\/wp-json\/wp\/v2\/posts\/746","targetHints":{"allow":["GET"]}}],"collection":[{"href":"https:\/\/agora.xtec.cat\/escolamestralvilanova\/wp-json\/wp\/v2\/posts"}],"about":[{"href":"https:\/\/agora.xtec.cat\/escolamestralvilanova\/wp-json\/wp\/v2\/types\/post"}],"author":[{"embeddable":true,"href":"https:\/\/agora.xtec.cat\/escolamestralvilanova\/wp-json\/wp\/v2\/users\/1"}],"replies":[{"embeddable":true,"href":"https:\/\/agora.xtec.cat\/escolamestralvilanova\/wp-json\/wp\/v2\/comments?post=746"}],"version-history":[{"count":3,"href":"https:\/\/agora.xtec.cat\/escolamestralvilanova\/wp-json\/wp\/v2\/posts\/746\/revisions"}],"predecessor-version":[{"id":752,"href":"https:\/\/agora.xtec.cat\/escolamestralvilanova\/wp-json\/wp\/v2\/posts\/746\/revisions\/752"}],"wp:attachment":[{"href":"https:\/\/agora.xtec.cat\/escolamestralvilanova\/wp-json\/wp\/v2\/media?parent=746"}],"wp:term":[{"taxonomy":"category","embeddable":true,"href":"https:\/\/agora.xtec.cat\/escolamestralvilanova\/wp-json\/wp\/v2\/categories?post=746"},{"taxonomy":"post_tag","embeddable":true,"href":"https:\/\/agora.xtec.cat\/escolamestralvilanova\/wp-json\/wp\/v2\/tags?post=746"}],"curies":[{"name":"wp","href":"https:\/\/api.w.org\/{rel}","templated":true}]}}