{"id":7445,"date":"2022-10-06T17:46:48","date_gmt":"2022-10-06T15:46:48","guid":{"rendered":"https:\/\/agora.xtec.cat\/escolamestralvilanova\/?p=7445"},"modified":"2022-10-06T17:46:48","modified_gmt":"2022-10-06T15:46:48","slug":"sortida-a-guissona-2","status":"publish","type":"post","link":"https:\/\/agora.xtec.cat\/escolamestralvilanova\/portada\/sortida-a-guissona-2\/","title":{"rendered":"SORTIDA A GUISSONA"},"content":{"rendered":"<p style=\"text-align: justify;\">Avui els alumnes de Cicle Mitj\u00e0 i Cicle Superior hem anat a Guissona a visitar el poble i el complex &#8220;LA CLOSA&#8221; de la Corporaci\u00f3 Aliment\u00e0ria de l&#8217;\u00c0rea de Guissona.<\/p>\n<p style=\"text-align: justify;\">Ha sigut una gran experi\u00e8ncia i hem apr\u00e8s molt!<\/p>\n<ul>\n<li><a href=\"https:\/\/photos.app.goo.gl\/iGPtcr6cgy5ajdYm6\">ENLLA\u00c7 A LES FOTOGRAFIES<\/a><\/li>\n<\/ul>\n<p><a href=\"https:\/\/photos.app.goo.gl\/iGPtcr6cgy5ajdYm6\"><img loading=\"lazy\" decoding=\"async\" class=\"alignnone size-medium wp-image-7446\" src=\"https:\/\/agora.xtec.cat\/escolamestralvilanova\/wp-content\/uploads\/usu729\/2022\/10\/416133ee-d850-4aaf-9f6e-5252a682a204-300x169.jpg\" alt=\"\" width=\"300\" height=\"169\" srcset=\"https:\/\/agora.xtec.cat\/escolamestralvilanova\/wp-content\/uploads\/usu729\/2022\/10\/416133ee-d850-4aaf-9f6e-5252a682a204-300x169.jpg 300w, https:\/\/agora.xtec.cat\/escolamestralvilanova\/wp-content\/uploads\/usu729\/2022\/10\/416133ee-d850-4aaf-9f6e-5252a682a204-1024x576.jpg 1024w, https:\/\/agora.xtec.cat\/escolamestralvilanova\/wp-content\/uploads\/usu729\/2022\/10\/416133ee-d850-4aaf-9f6e-5252a682a204-768x432.jpg 768w, https:\/\/agora.xtec.cat\/escolamestralvilanova\/wp-content\/uploads\/usu729\/2022\/10\/416133ee-d850-4aaf-9f6e-5252a682a204-1536x863.jpg 1536w, https:\/\/agora.xtec.cat\/escolamestralvilanova\/wp-content\/uploads\/usu729\/2022\/10\/416133ee-d850-4aaf-9f6e-5252a682a204.jpg 2048w\" sizes=\"auto, (max-width: 300px) 100vw, 300px\" \/><\/a><\/p>\n","protected":false},"excerpt":{"rendered":"<p>Avui els alumnes de Cicle Mitj\u00e0 i Cicle Superior hem anat a Guissona a visitar el poble i el complex &#8220;LA CLOSA&#8221; de la Corporaci\u00f3 Aliment\u00e0ria de l&#8217;\u00c0rea de Guissona.<br \/>\nHa sigut una gran experi\u00e8ncia i hem apr\u00e8s molt!<\/p>\n<ul>\n<li><a href=\"https:\/\/photos.app.goo.gl\/iGPtcr6cgy5ajdYm6\">ENLLA\u00c7 A LES FOTOGRAFIES<\/a><\/li>\n<\/ul>\n<p><a href=\"https:\/\/photos.app.goo.gl\/iGPtcr6cgy5ajdYm6\"><\/a><\/p>\n","protected":false},"author":1,"featured_media":0,"comment_status":"open","ping_status":"closed","sticky":false,"template":"","format":"standard","meta":{"_bbp_topic_count":0,"_bbp_reply_count":0,"_bbp_total_topic_count":0,"_bbp_total_reply_count":0,"_bbp_voice_count":0,"_bbp_anonymous_reply_count":0,"_bbp_topic_count_hidden":0,"_bbp_reply_count_hidden":0,"_bbp_forum_subforum_count":0,"footnotes":""},"categories":[15,4,5],"tags":[],"class_list":["post-7445","post","type-post","status-publish","format-standard","hentry","category-cicle-superior","category-portada","category-primaria"],"post_mailing_queue_ids":[],"_links":{"self":[{"href":"https:\/\/agora.xtec.cat\/escolamestralvilanova\/wp-json\/wp\/v2\/posts\/7445","targetHints":{"allow":["GET"]}}],"collection":[{"href":"https:\/\/agora.xtec.cat\/escolamestralvilanova\/wp-json\/wp\/v2\/posts"}],"about":[{"href":"https:\/\/agora.xtec.cat\/escolamestralvilanova\/wp-json\/wp\/v2\/types\/post"}],"author":[{"embeddable":true,"href":"https:\/\/agora.xtec.cat\/escolamestralvilanova\/wp-json\/wp\/v2\/users\/1"}],"replies":[{"embeddable":true,"href":"https:\/\/agora.xtec.cat\/escolamestralvilanova\/wp-json\/wp\/v2\/comments?post=7445"}],"version-history":[{"count":1,"href":"https:\/\/agora.xtec.cat\/escolamestralvilanova\/wp-json\/wp\/v2\/posts\/7445\/revisions"}],"predecessor-version":[{"id":7447,"href":"https:\/\/agora.xtec.cat\/escolamestralvilanova\/wp-json\/wp\/v2\/posts\/7445\/revisions\/7447"}],"wp:attachment":[{"href":"https:\/\/agora.xtec.cat\/escolamestralvilanova\/wp-json\/wp\/v2\/media?parent=7445"}],"wp:term":[{"taxonomy":"category","embeddable":true,"href":"https:\/\/agora.xtec.cat\/escolamestralvilanova\/wp-json\/wp\/v2\/categories?post=7445"},{"taxonomy":"post_tag","embeddable":true,"href":"https:\/\/agora.xtec.cat\/escolamestralvilanova\/wp-json\/wp\/v2\/tags?post=7445"}],"curies":[{"name":"wp","href":"https:\/\/api.w.org\/{rel}","templated":true}]}}