{"id":7404,"date":"2022-09-29T12:50:50","date_gmt":"2022-09-29T10:50:50","guid":{"rendered":"https:\/\/agora.xtec.cat\/escolamestralvilanova\/?p=7404"},"modified":"2022-09-29T12:50:50","modified_gmt":"2022-09-29T10:50:50","slug":"les-quatre-estacions-de-vivaldi","status":"publish","type":"post","link":"https:\/\/agora.xtec.cat\/escolamestralvilanova\/general\/les-quatre-estacions-de-vivaldi\/","title":{"rendered":"LES QUATRE ESTACIONS DE VIVALDI"},"content":{"rendered":"<p>Avui els infants de cicle inicial, a l&#8217;\u00e0rea de m\u00fasica, hem gravat un v\u00eddeo on representem les quatre estacions de Vivaldi aprofitant que hem iniciat l&#8217;estaci\u00f3 de la Tardor.<\/p>\n<p>Hem gaudit molt representant aquesta audici\u00f3 on hem fet de preses i ca\u00e7adors.<\/p>\n<ul>\n<li><a href=\"https:\/\/photos.app.goo.gl\/HqxTnzKfs7cDpDEh7\">ENLLA\u00c7 AL V\u00cdDEO<\/a><\/li>\n<\/ul>\n<p><a href=\"https:\/\/photos.app.goo.gl\/HqxTnzKfs7cDpDEh7\"><img loading=\"lazy\" decoding=\"async\" class=\"alignnone wp-image-7406 size-medium\" src=\"https:\/\/agora.xtec.cat\/escolamestralvilanova\/wp-content\/uploads\/usu729\/2022\/09\/IMG-8036-300x206.jpg\" alt=\"\" width=\"300\" height=\"206\" srcset=\"https:\/\/agora.xtec.cat\/escolamestralvilanova\/wp-content\/uploads\/usu729\/2022\/09\/IMG-8036-300x206.jpg 300w, https:\/\/agora.xtec.cat\/escolamestralvilanova\/wp-content\/uploads\/usu729\/2022\/09\/IMG-8036-1024x704.jpg 1024w, https:\/\/agora.xtec.cat\/escolamestralvilanova\/wp-content\/uploads\/usu729\/2022\/09\/IMG-8036-768x528.jpg 768w, https:\/\/agora.xtec.cat\/escolamestralvilanova\/wp-content\/uploads\/usu729\/2022\/09\/IMG-8036-1536x1056.jpg 1536w, https:\/\/agora.xtec.cat\/escolamestralvilanova\/wp-content\/uploads\/usu729\/2022\/09\/IMG-8036.jpg 1800w\" sizes=\"auto, (max-width: 300px) 100vw, 300px\" \/><\/a><\/p>\n","protected":false},"excerpt":{"rendered":"<p>Avui els infants de cicle inicial, a l&#8217;\u00e0rea de m\u00fasica, hem gravat un v\u00eddeo on representem les quatre estacions de Vivaldi aprofitant que hem iniciat l&#8217;estaci\u00f3 de la Tardor.<br \/>\nHem gaudit molt representant aquesta audici\u00f3 on hem fet de preses i ca\u00e7adors.<\/p>\n<ul>\n<li><a href=\"https:\/\/photos.app.goo.gl\/HqxTnzKfs7cDpDEh7\">ENLLA\u00c7 AL V\u00cdDEO<\/a><\/li>\n<\/ul>\n<p><a href=\"https:\/\/photos.app.goo.gl\/HqxTnzKfs7cDpDEh7\"><\/a><\/p>\n","protected":false},"author":6,"featured_media":0,"comment_status":"open","ping_status":"closed","sticky":false,"template":"","format":"standard","meta":{"_bbp_topic_count":0,"_bbp_reply_count":0,"_bbp_total_topic_count":0,"_bbp_total_reply_count":0,"_bbp_voice_count":0,"_bbp_anonymous_reply_count":0,"_bbp_topic_count_hidden":0,"_bbp_reply_count_hidden":0,"_bbp_forum_subforum_count":0,"footnotes":""},"categories":[11,1,4,5],"tags":[],"class_list":["post-7404","post","type-post","status-publish","format-standard","hentry","category-cicle-inicial","category-general","category-portada","category-primaria"],"post_mailing_queue_ids":[],"_links":{"self":[{"href":"https:\/\/agora.xtec.cat\/escolamestralvilanova\/wp-json\/wp\/v2\/posts\/7404","targetHints":{"allow":["GET"]}}],"collection":[{"href":"https:\/\/agora.xtec.cat\/escolamestralvilanova\/wp-json\/wp\/v2\/posts"}],"about":[{"href":"https:\/\/agora.xtec.cat\/escolamestralvilanova\/wp-json\/wp\/v2\/types\/post"}],"author":[{"embeddable":true,"href":"https:\/\/agora.xtec.cat\/escolamestralvilanova\/wp-json\/wp\/v2\/users\/6"}],"replies":[{"embeddable":true,"href":"https:\/\/agora.xtec.cat\/escolamestralvilanova\/wp-json\/wp\/v2\/comments?post=7404"}],"version-history":[{"count":3,"href":"https:\/\/agora.xtec.cat\/escolamestralvilanova\/wp-json\/wp\/v2\/posts\/7404\/revisions"}],"predecessor-version":[{"id":7408,"href":"https:\/\/agora.xtec.cat\/escolamestralvilanova\/wp-json\/wp\/v2\/posts\/7404\/revisions\/7408"}],"wp:attachment":[{"href":"https:\/\/agora.xtec.cat\/escolamestralvilanova\/wp-json\/wp\/v2\/media?parent=7404"}],"wp:term":[{"taxonomy":"category","embeddable":true,"href":"https:\/\/agora.xtec.cat\/escolamestralvilanova\/wp-json\/wp\/v2\/categories?post=7404"},{"taxonomy":"post_tag","embeddable":true,"href":"https:\/\/agora.xtec.cat\/escolamestralvilanova\/wp-json\/wp\/v2\/tags?post=7404"}],"curies":[{"name":"wp","href":"https:\/\/api.w.org\/{rel}","templated":true}]}}