{"id":7398,"date":"2022-09-28T11:19:26","date_gmt":"2022-09-28T09:19:26","guid":{"rendered":"https:\/\/agora.xtec.cat\/escolamestralvilanova\/?p=7398"},"modified":"2022-09-28T11:19:26","modified_gmt":"2022-09-28T09:19:26","slug":"trobem-una-sopresa-a-la-rotllana","status":"publish","type":"post","link":"https:\/\/agora.xtec.cat\/escolamestralvilanova\/general\/trobem-una-sopresa-a-la-rotllana\/","title":{"rendered":"TROBEM UNA SOPRESA A LA ROTLLANA!"},"content":{"rendered":"<p>Avui els nens i nenes de cicle inicial ens hem trobat una sorpresa a la nostra catifa. Les fam\u00edlies que ahir van assistir a la reuni\u00f3 ens han deixa&#8217;t missatges.<\/p>\n<p>Hem llegit els missatges i els hem compartit amb els companys\/es.<\/p>\n<p>Ens ha fet molta il\u00b7lusi\u00f3. Gr\u00e0cies fam\u00edlies!<\/p>\n<p><a href=\"https:\/\/agora.xtec.cat\/escolamestralvilanova\/wp-content\/uploads\/usu729\/2022\/09\/IMG-8025.jpg\"><img loading=\"lazy\" decoding=\"async\" class=\"alignnone wp-image-7399 size-medium\" src=\"https:\/\/agora.xtec.cat\/escolamestralvilanova\/wp-content\/uploads\/usu729\/2022\/09\/IMG-8025-257x300.jpg\" alt=\"\" width=\"257\" height=\"300\" srcset=\"https:\/\/agora.xtec.cat\/escolamestralvilanova\/wp-content\/uploads\/usu729\/2022\/09\/IMG-8025-257x300.jpg 257w, https:\/\/agora.xtec.cat\/escolamestralvilanova\/wp-content\/uploads\/usu729\/2022\/09\/IMG-8025-879x1024.jpg 879w, https:\/\/agora.xtec.cat\/escolamestralvilanova\/wp-content\/uploads\/usu729\/2022\/09\/IMG-8025-768x895.jpg 768w, https:\/\/agora.xtec.cat\/escolamestralvilanova\/wp-content\/uploads\/usu729\/2022\/09\/IMG-8025-1318x1536.jpg 1318w, https:\/\/agora.xtec.cat\/escolamestralvilanova\/wp-content\/uploads\/usu729\/2022\/09\/IMG-8025.jpg 1439w\" sizes=\"auto, (max-width: 257px) 100vw, 257px\" \/><\/a><\/p>\n","protected":false},"excerpt":{"rendered":"<p>Avui els nens i nenes de cicle inicial ens hem trobat una sorpresa a la nostra catifa. Les fam\u00edlies que ahir van assistir a la reuni\u00f3 ens han deixa&#8217;t missatges.<br \/>\nHem llegit els missatges i els hem compartit amb els companys\/es.<br \/>\nEns ha fet molta il\u00b7lusi\u00f3. Gr\u00e0cies&hellip;  <a href=\"https:\/\/agora.xtec.cat\/escolamestralvilanova\/general\/trobem-una-sopresa-a-la-rotllana\/\" title=\"Read TROBEM UNA SOPRESA A LA ROTLLANA!\">Llegeix m\u00e9s\u00bb<\/a><\/p>\n","protected":false},"author":6,"featured_media":0,"comment_status":"open","ping_status":"closed","sticky":false,"template":"","format":"standard","meta":{"_bbp_topic_count":0,"_bbp_reply_count":0,"_bbp_total_topic_count":0,"_bbp_total_reply_count":0,"_bbp_voice_count":0,"_bbp_anonymous_reply_count":0,"_bbp_topic_count_hidden":0,"_bbp_reply_count_hidden":0,"_bbp_forum_subforum_count":0,"footnotes":""},"categories":[11,1,4,5],"tags":[],"class_list":["post-7398","post","type-post","status-publish","format-standard","hentry","category-cicle-inicial","category-general","category-portada","category-primaria"],"post_mailing_queue_ids":[],"_links":{"self":[{"href":"https:\/\/agora.xtec.cat\/escolamestralvilanova\/wp-json\/wp\/v2\/posts\/7398","targetHints":{"allow":["GET"]}}],"collection":[{"href":"https:\/\/agora.xtec.cat\/escolamestralvilanova\/wp-json\/wp\/v2\/posts"}],"about":[{"href":"https:\/\/agora.xtec.cat\/escolamestralvilanova\/wp-json\/wp\/v2\/types\/post"}],"author":[{"embeddable":true,"href":"https:\/\/agora.xtec.cat\/escolamestralvilanova\/wp-json\/wp\/v2\/users\/6"}],"replies":[{"embeddable":true,"href":"https:\/\/agora.xtec.cat\/escolamestralvilanova\/wp-json\/wp\/v2\/comments?post=7398"}],"version-history":[{"count":2,"href":"https:\/\/agora.xtec.cat\/escolamestralvilanova\/wp-json\/wp\/v2\/posts\/7398\/revisions"}],"predecessor-version":[{"id":7401,"href":"https:\/\/agora.xtec.cat\/escolamestralvilanova\/wp-json\/wp\/v2\/posts\/7398\/revisions\/7401"}],"wp:attachment":[{"href":"https:\/\/agora.xtec.cat\/escolamestralvilanova\/wp-json\/wp\/v2\/media?parent=7398"}],"wp:term":[{"taxonomy":"category","embeddable":true,"href":"https:\/\/agora.xtec.cat\/escolamestralvilanova\/wp-json\/wp\/v2\/categories?post=7398"},{"taxonomy":"post_tag","embeddable":true,"href":"https:\/\/agora.xtec.cat\/escolamestralvilanova\/wp-json\/wp\/v2\/tags?post=7398"}],"curies":[{"name":"wp","href":"https:\/\/api.w.org\/{rel}","templated":true}]}}