{"id":7366,"date":"2022-09-23T12:28:42","date_gmt":"2022-09-23T10:28:42","guid":{"rendered":"https:\/\/agora.xtec.cat\/escolamestralvilanova\/?p=7366"},"modified":"2022-09-23T12:29:10","modified_gmt":"2022-09-23T10:29:10","slug":"anem-al-pump-track","status":"publish","type":"post","link":"https:\/\/agora.xtec.cat\/escolamestralvilanova\/portada\/anem-al-pump-track\/","title":{"rendered":"VAMOS AL PUMP TRACK"},"content":{"rendered":"<p>El lunes 26 de septiembre los alumnos de Ciclo Superior iremos al Pum Track del pueblo para pasar una ma\u00f1ana con los alumnos de la escuela de Men\u00e0rguens. Por este motivo hemos escrito un texto a nuestras familias informando sobre la excursi\u00f3n.<\/p>\n<ul>\n<li><a href=\"https:\/\/photos.app.goo.gl\/YQ8DJjvPM2BGeHg87\">ENLLA\u00c7 A LES FOTOGRAFIES<\/a><\/li>\n<\/ul>\n<p><a href=\"https:\/\/agora.xtec.cat\/escolamestralvilanova\/wp-content\/uploads\/usu729\/2022\/09\/IMG_2675-scaled.jpg\"><img loading=\"lazy\" decoding=\"async\" class=\"alignnone wp-image-7367 size-medium\" src=\"https:\/\/agora.xtec.cat\/escolamestralvilanova\/wp-content\/uploads\/usu729\/2022\/09\/IMG_2675-225x300.jpg\" alt=\"\" width=\"225\" height=\"300\" srcset=\"https:\/\/agora.xtec.cat\/escolamestralvilanova\/wp-content\/uploads\/usu729\/2022\/09\/IMG_2675-225x300.jpg 225w, https:\/\/agora.xtec.cat\/escolamestralvilanova\/wp-content\/uploads\/usu729\/2022\/09\/IMG_2675-768x1024.jpg 768w, https:\/\/agora.xtec.cat\/escolamestralvilanova\/wp-content\/uploads\/usu729\/2022\/09\/IMG_2675-1152x1536.jpg 1152w, https:\/\/agora.xtec.cat\/escolamestralvilanova\/wp-content\/uploads\/usu729\/2022\/09\/IMG_2675-1536x2048.jpg 1536w, https:\/\/agora.xtec.cat\/escolamestralvilanova\/wp-content\/uploads\/usu729\/2022\/09\/IMG_2675-scaled.jpg 1920w\" sizes=\"auto, (max-width: 225px) 100vw, 225px\" \/><\/a><\/p>\n","protected":false},"excerpt":{"rendered":"<p>El lunes 26 de septiembre los alumnos de Ciclo Superior iremos al Pum Track del pueblo para pasar una ma\u00f1ana con los alumnos de la escuela de Men\u00e0rguens. Por este motivo hemos escrito un texto a nuestras familias informando sobre la excursi\u00f3n.<\/p>\n<ul>\n<li><a href=\"https:\/\/photos.app.goo.gl\/YQ8DJjvPM2BGeHg87\">ENLLA\u00c7 A LES&hellip;  <a href=\"https:\/\/agora.xtec.cat\/escolamestralvilanova\/portada\/anem-al-pump-track\/\" title=\"Read VAMOS AL PUMP TRACK\">Llegeix m\u00e9s\u00bb<\/a><br \/>\n","protected":false},"author":1,"featured_media":0,"comment_status":"open","ping_status":"closed","sticky":false,"template":"","format":"standard","meta":{"_bbp_topic_count":0,"_bbp_reply_count":0,"_bbp_total_topic_count":0,"_bbp_total_reply_count":0,"_bbp_voice_count":0,"_bbp_anonymous_reply_count":0,"_bbp_topic_count_hidden":0,"_bbp_reply_count_hidden":0,"_bbp_forum_subforum_count":0,"footnotes":""},"categories":[15,4,5],"tags":[],"class_list":["post-7366","post","type-post","status-publish","format-standard","hentry","category-cicle-superior","category-portada","category-primaria"],"post_mailing_queue_ids":[],"_links":{"self":[{"href":"https:\/\/agora.xtec.cat\/escolamestralvilanova\/wp-json\/wp\/v2\/posts\/7366","targetHints":{"allow":["GET"]}}],"collection":[{"href":"https:\/\/agora.xtec.cat\/escolamestralvilanova\/wp-json\/wp\/v2\/posts"}],"about":[{"href":"https:\/\/agora.xtec.cat\/escolamestralvilanova\/wp-json\/wp\/v2\/types\/post"}],"author":[{"embeddable":true,"href":"https:\/\/agora.xtec.cat\/escolamestralvilanova\/wp-json\/wp\/v2\/users\/1"}],"replies":[{"embeddable":true,"href":"https:\/\/agora.xtec.cat\/escolamestralvilanova\/wp-json\/wp\/v2\/comments?post=7366"}],"version-history":[{"count":2,"href":"https:\/\/agora.xtec.cat\/escolamestralvilanova\/wp-json\/wp\/v2\/posts\/7366\/revisions"}],"predecessor-version":[{"id":7369,"href":"https:\/\/agora.xtec.cat\/escolamestralvilanova\/wp-json\/wp\/v2\/posts\/7366\/revisions\/7369"}],"wp:attachment":[{"href":"https:\/\/agora.xtec.cat\/escolamestralvilanova\/wp-json\/wp\/v2\/media?parent=7366"}],"wp:term":[{"taxonomy":"category","embeddable":true,"href":"https:\/\/agora.xtec.cat\/escolamestralvilanova\/wp-json\/wp\/v2\/categories?post=7366"},{"taxonomy":"post_tag","embeddable":true,"href":"https:\/\/agora.xtec.cat\/escolamestralvilanova\/wp-json\/wp\/v2\/tags?post=7366"}],"curies":[{"name":"wp","href":"https:\/\/api.w.org\/{rel}","templated":true}]}}