{"id":7353,"date":"2022-09-21T15:48:39","date_gmt":"2022-09-21T13:48:39","guid":{"rendered":"https:\/\/agora.xtec.cat\/escolamestralvilanova\/?p=7353"},"modified":"2022-09-21T15:49:13","modified_gmt":"2022-09-21T13:49:13","slug":"primers-dies-a-lescola","status":"publish","type":"post","link":"https:\/\/agora.xtec.cat\/escolamestralvilanova\/general\/primers-dies-a-lescola\/","title":{"rendered":"PRIMERS DIES A L&#8217;ESCOLA"},"content":{"rendered":"<p>Hola fam\u00edlies, hem comen\u00e7at EI-3 amb molta il.lusi\u00f3, un curs especial \u00a0i emotiu \u00a0ja que s\u00f3m els menuts de l\u2019escola.<\/p>\n<p>Compartirem \u00a0nous reptes i moments m\u00e0gics que volem compartir amb vosaltres. Farem tasques per aprendre, gaudir i descobrir experi\u00e8ncies noves.<\/p>\n<p>Benvinguts\/es!!!<\/p>\n<ul>\n<li><a href=\"https:\/\/photos.app.goo.gl\/debw1Y7pTgf8oFeL7\">ENLLA\u00c7 A LES FOTOGRAFIES<\/a><\/li>\n<\/ul>\n<p><a href=\"https:\/\/photos.app.goo.gl\/debw1Y7pTgf8oFeL7\"><img loading=\"lazy\" decoding=\"async\" class=\"alignnone size-medium wp-image-7354\" src=\"https:\/\/agora.xtec.cat\/escolamestralvilanova\/wp-content\/uploads\/usu729\/2022\/09\/20220920_102350-300x225.jpg\" alt=\"\" width=\"300\" height=\"225\" srcset=\"https:\/\/agora.xtec.cat\/escolamestralvilanova\/wp-content\/uploads\/usu729\/2022\/09\/20220920_102350-300x225.jpg 300w, https:\/\/agora.xtec.cat\/escolamestralvilanova\/wp-content\/uploads\/usu729\/2022\/09\/20220920_102350-200x150.jpg 200w, https:\/\/agora.xtec.cat\/escolamestralvilanova\/wp-content\/uploads\/usu729\/2022\/09\/20220920_102350.jpg 640w\" sizes=\"auto, (max-width: 300px) 100vw, 300px\" \/><\/a><\/p>\n","protected":false},"excerpt":{"rendered":"<p>Hola fam\u00edlies, hem comen\u00e7at EI-3 amb molta il.lusi\u00f3, un curs especial \u00a0i emotiu \u00a0ja que s\u00f3m els menuts de l\u2019escola.<br \/>\nCompartirem \u00a0nous reptes i moments m\u00e0gics que volem compartir amb vosaltres. Farem tasques per aprendre, gaudir i descobrir experi\u00e8ncies noves.<br \/>\nBenvinguts\/es!!!<\/p>\n<ul>\n<li><a href=\"https:\/\/photos.app.goo.gl\/debw1Y7pTgf8oFeL7\">ENLLA\u00c7 A LES FOTOGRAFIES<\/a><\/li>\n<\/ul>\n<p><a href=\"https:\/\/photos.app.goo.gl\/debw1Y7pTgf8oFeL7\"><\/a><\/p>\n","protected":false},"author":1,"featured_media":0,"comment_status":"open","ping_status":"closed","sticky":false,"template":"","format":"standard","meta":{"_bbp_topic_count":0,"_bbp_reply_count":0,"_bbp_total_topic_count":0,"_bbp_total_reply_count":0,"_bbp_voice_count":0,"_bbp_anonymous_reply_count":0,"_bbp_topic_count_hidden":0,"_bbp_reply_count_hidden":0,"_bbp_forum_subforum_count":0,"footnotes":""},"categories":[3,1,4],"tags":[],"class_list":["post-7353","post","type-post","status-publish","format-standard","hentry","category-ei3-ei4-ei5","category-general","category-portada"],"post_mailing_queue_ids":[],"_links":{"self":[{"href":"https:\/\/agora.xtec.cat\/escolamestralvilanova\/wp-json\/wp\/v2\/posts\/7353","targetHints":{"allow":["GET"]}}],"collection":[{"href":"https:\/\/agora.xtec.cat\/escolamestralvilanova\/wp-json\/wp\/v2\/posts"}],"about":[{"href":"https:\/\/agora.xtec.cat\/escolamestralvilanova\/wp-json\/wp\/v2\/types\/post"}],"author":[{"embeddable":true,"href":"https:\/\/agora.xtec.cat\/escolamestralvilanova\/wp-json\/wp\/v2\/users\/1"}],"replies":[{"embeddable":true,"href":"https:\/\/agora.xtec.cat\/escolamestralvilanova\/wp-json\/wp\/v2\/comments?post=7353"}],"version-history":[{"count":1,"href":"https:\/\/agora.xtec.cat\/escolamestralvilanova\/wp-json\/wp\/v2\/posts\/7353\/revisions"}],"predecessor-version":[{"id":7355,"href":"https:\/\/agora.xtec.cat\/escolamestralvilanova\/wp-json\/wp\/v2\/posts\/7353\/revisions\/7355"}],"wp:attachment":[{"href":"https:\/\/agora.xtec.cat\/escolamestralvilanova\/wp-json\/wp\/v2\/media?parent=7353"}],"wp:term":[{"taxonomy":"category","embeddable":true,"href":"https:\/\/agora.xtec.cat\/escolamestralvilanova\/wp-json\/wp\/v2\/categories?post=7353"},{"taxonomy":"post_tag","embeddable":true,"href":"https:\/\/agora.xtec.cat\/escolamestralvilanova\/wp-json\/wp\/v2\/tags?post=7353"}],"curies":[{"name":"wp","href":"https:\/\/api.w.org\/{rel}","templated":true}]}}