{"id":728,"date":"2018-09-26T23:14:26","date_gmt":"2018-09-26T21:14:26","guid":{"rendered":"http:\/\/agora.xtec.cat\/escolamestralvilanova\/?p=728"},"modified":"2018-10-15T23:28:02","modified_gmt":"2018-10-15T21:28:02","slug":"reunio-inici-de-curs-2","status":"publish","type":"post","link":"https:\/\/agora.xtec.cat\/escolamestralvilanova\/portada\/reunio-inici-de-curs-2\/","title":{"rendered":"INFORMACIONS REUNI\u00d3 INICI DE CURS"},"content":{"rendered":"<p>El passat dimecres 26 de setembre es va realitzar la reuni\u00f3 d&#8217;inici de curs amb les fam\u00edlies en la qual es va informar del seg\u00fcent:<\/p>\n<ul>\n<li><a href=\"https:\/\/agora.xtec.cat\/escolamestralvilanova\/wp-content\/uploads\/usu729\/2018\/10\/diptic-2018-2019-.pdf\">D\u00edptic informatiu<\/a><\/li>\n<\/ul>\n<p>&nbsp;<\/p>\n<p>&nbsp;<\/p>\n","protected":false},"excerpt":{"rendered":"<p>El passat dimecres 26 de setembre es va realitzar la reuni\u00f3 d&#8217;inici de curs amb les fam\u00edlies en la qual es va informar del seg\u00fcent:<\/p>\n<ul>\n<li><a href=\"https:\/\/agora.xtec.cat\/escolamestralvilanova\/wp-content\/uploads\/usu729\/2018\/10\/diptic-2018-2019-.pdf\">D\u00edptic informatiu<\/a><\/li>\n<\/ul>\n<p>&nbsp;<br \/>\n&nbsp;<\/p>\n","protected":false},"author":1,"featured_media":0,"comment_status":"open","ping_status":"closed","sticky":false,"template":"","format":"standard","meta":{"_bbp_topic_count":0,"_bbp_reply_count":0,"_bbp_total_topic_count":0,"_bbp_total_reply_count":0,"_bbp_voice_count":0,"_bbp_anonymous_reply_count":0,"_bbp_topic_count_hidden":0,"_bbp_reply_count_hidden":0,"_bbp_forum_subforum_count":0,"footnotes":""},"categories":[4],"tags":[],"class_list":["post-728","post","type-post","status-publish","format-standard","hentry","category-portada"],"post_mailing_queue_ids":[],"_links":{"self":[{"href":"https:\/\/agora.xtec.cat\/escolamestralvilanova\/wp-json\/wp\/v2\/posts\/728","targetHints":{"allow":["GET"]}}],"collection":[{"href":"https:\/\/agora.xtec.cat\/escolamestralvilanova\/wp-json\/wp\/v2\/posts"}],"about":[{"href":"https:\/\/agora.xtec.cat\/escolamestralvilanova\/wp-json\/wp\/v2\/types\/post"}],"author":[{"embeddable":true,"href":"https:\/\/agora.xtec.cat\/escolamestralvilanova\/wp-json\/wp\/v2\/users\/1"}],"replies":[{"embeddable":true,"href":"https:\/\/agora.xtec.cat\/escolamestralvilanova\/wp-json\/wp\/v2\/comments?post=728"}],"version-history":[{"count":3,"href":"https:\/\/agora.xtec.cat\/escolamestralvilanova\/wp-json\/wp\/v2\/posts\/728\/revisions"}],"predecessor-version":[{"id":734,"href":"https:\/\/agora.xtec.cat\/escolamestralvilanova\/wp-json\/wp\/v2\/posts\/728\/revisions\/734"}],"wp:attachment":[{"href":"https:\/\/agora.xtec.cat\/escolamestralvilanova\/wp-json\/wp\/v2\/media?parent=728"}],"wp:term":[{"taxonomy":"category","embeddable":true,"href":"https:\/\/agora.xtec.cat\/escolamestralvilanova\/wp-json\/wp\/v2\/categories?post=728"},{"taxonomy":"post_tag","embeddable":true,"href":"https:\/\/agora.xtec.cat\/escolamestralvilanova\/wp-json\/wp\/v2\/tags?post=728"}],"curies":[{"name":"wp","href":"https:\/\/api.w.org\/{rel}","templated":true}]}}