{"id":7244,"date":"2022-06-22T17:37:03","date_gmt":"2022-06-22T15:37:03","guid":{"rendered":"https:\/\/agora.xtec.cat\/escolamestralvilanova\/?p=7244"},"modified":"2022-06-22T17:37:03","modified_gmt":"2022-06-22T15:37:03","slug":"ultim-dia-de-curs","status":"publish","type":"post","link":"https:\/\/agora.xtec.cat\/escolamestralvilanova\/infantil\/ultim-dia-de-curs\/","title":{"rendered":"\u00daLTIM DIA DE CURS!"},"content":{"rendered":"<p style=\"text-align: justify;\">Avui, darrer dia del curs, hem celebrat la Festa de l&#8217;Aigua!!!\u00a0Ens ho hem passat molt b\u00e9 realitzant diferents activitats refrescants.<\/p>\n<p style=\"text-align: justify;\">Tamb\u00e9 hem acomiadat als alumnes de sis\u00e8, despr\u00e9s de 9 anys a l&#8217;escola avui ha estat el seu darrer dia com alumnes de l&#8217;Escola Mestral. Esperem que la nova etapa que inicieu us vagi molt i molt b\u00e9!! L&#8217;Escola Mestral sempre ser\u00e0 la vostra escola!!<\/p>\n<p style=\"text-align: justify;\">I finalment, avui tamb\u00e9 hem dit ad\u00e9u a la Conxita, la nostra mestra d&#8217;angl\u00e8s. Despr\u00e9s de tota una vida excercint de mestra avui ha estat el seu \u00faltim dia.\u00a0Et trobarem molt a faltar i et desitgem el millor!<\/p>\n<p>Desitgem que passeu un MOLT BON ESTIU!!!<\/p>\n<ul>\n<li><a href=\"https:\/\/photos.app.goo.gl\/iD5e6VaPUBPW9wTe8\">ENLLA\u00c7 A LES FOTOGRAFIES<\/a><\/li>\n<\/ul>\n<p><a href=\"https:\/\/photos.app.goo.gl\/iD5e6VaPUBPW9wTe8\"><img loading=\"lazy\" decoding=\"async\" class=\"alignnone size-medium wp-image-7245\" src=\"https:\/\/agora.xtec.cat\/escolamestralvilanova\/wp-content\/uploads\/usu729\/2022\/06\/IMG_0598-300x229.jpg\" alt=\"\" width=\"300\" height=\"229\" srcset=\"https:\/\/agora.xtec.cat\/escolamestralvilanova\/wp-content\/uploads\/usu729\/2022\/06\/IMG_0598-300x229.jpg 300w, https:\/\/agora.xtec.cat\/escolamestralvilanova\/wp-content\/uploads\/usu729\/2022\/06\/IMG_0598-768x585.jpg 768w, https:\/\/agora.xtec.cat\/escolamestralvilanova\/wp-content\/uploads\/usu729\/2022\/06\/IMG_0598.jpg 925w\" sizes=\"auto, (max-width: 300px) 100vw, 300px\" \/><\/a><\/p>\n<p>&nbsp;<\/p>\n<p>&nbsp;<\/p>\n","protected":false},"excerpt":{"rendered":"<p>Avui, darrer dia del curs, hem celebrat la Festa de l&#8217;Aigua!!!\u00a0Ens ho hem passat molt b\u00e9 realitzant diferents activitats refrescants.<br \/>\nTamb\u00e9 hem acomiadat als alumnes de sis\u00e8, despr\u00e9s de 9 anys a l&#8217;escola avui ha estat el seu darrer dia com alumnes de l&#8217;Escola Mestral. Esperem&hellip;  <a href=\"https:\/\/agora.xtec.cat\/escolamestralvilanova\/infantil\/ultim-dia-de-curs\/\" title=\"Read \u00daLTIM DIA DE CURS!\">Llegeix m\u00e9s\u00bb<\/a><\/p>\n","protected":false},"author":1,"featured_media":0,"comment_status":"open","ping_status":"closed","sticky":false,"template":"","format":"standard","meta":{"_bbp_topic_count":0,"_bbp_reply_count":0,"_bbp_total_topic_count":0,"_bbp_total_reply_count":0,"_bbp_voice_count":0,"_bbp_anonymous_reply_count":0,"_bbp_topic_count_hidden":0,"_bbp_reply_count_hidden":0,"_bbp_forum_subforum_count":0,"footnotes":""},"categories":[13,11,12,15,3,8,10,2,4,5],"tags":[],"class_list":["post-7244","post","type-post","status-publish","format-standard","hentry","category-cinque","category-cicle-inicial","category-tercer-quart","category-cicle-superior","category-ei3-ei4-ei5","category-ei4","category-ei5-primer","category-infantil","category-portada","category-primaria"],"post_mailing_queue_ids":[],"_links":{"self":[{"href":"https:\/\/agora.xtec.cat\/escolamestralvilanova\/wp-json\/wp\/v2\/posts\/7244","targetHints":{"allow":["GET"]}}],"collection":[{"href":"https:\/\/agora.xtec.cat\/escolamestralvilanova\/wp-json\/wp\/v2\/posts"}],"about":[{"href":"https:\/\/agora.xtec.cat\/escolamestralvilanova\/wp-json\/wp\/v2\/types\/post"}],"author":[{"embeddable":true,"href":"https:\/\/agora.xtec.cat\/escolamestralvilanova\/wp-json\/wp\/v2\/users\/1"}],"replies":[{"embeddable":true,"href":"https:\/\/agora.xtec.cat\/escolamestralvilanova\/wp-json\/wp\/v2\/comments?post=7244"}],"version-history":[{"count":1,"href":"https:\/\/agora.xtec.cat\/escolamestralvilanova\/wp-json\/wp\/v2\/posts\/7244\/revisions"}],"predecessor-version":[{"id":7246,"href":"https:\/\/agora.xtec.cat\/escolamestralvilanova\/wp-json\/wp\/v2\/posts\/7244\/revisions\/7246"}],"wp:attachment":[{"href":"https:\/\/agora.xtec.cat\/escolamestralvilanova\/wp-json\/wp\/v2\/media?parent=7244"}],"wp:term":[{"taxonomy":"category","embeddable":true,"href":"https:\/\/agora.xtec.cat\/escolamestralvilanova\/wp-json\/wp\/v2\/categories?post=7244"},{"taxonomy":"post_tag","embeddable":true,"href":"https:\/\/agora.xtec.cat\/escolamestralvilanova\/wp-json\/wp\/v2\/tags?post=7244"}],"curies":[{"name":"wp","href":"https:\/\/api.w.org\/{rel}","templated":true}]}}